{"id":84,"date":"2019-09-01T01:30:00","date_gmt":"2019-08-31T23:30:00","guid":{"rendered":"http:\/\/sonntagsgedanken.de\/blog\/?p=84"},"modified":"2020-01-29T22:07:24","modified_gmt":"2020-01-29T21:07:24","slug":"01-september-2019","status":"publish","type":"post","link":"https:\/\/sonntagsgedanken.de\/blog\/2019\/09\/01\/01-september-2019\/","title":{"rendered":"01. SEPTEMBER 2019"},"content":{"rendered":"\n<p>Meine Lieben,<\/p>\n\n\n\n<p>Schon September, au\u00dfer den Kindern denkt\nwahrscheinlich niemand, da\u00df die Zeit langsam verging.<\/p>\n\n\n\n<p>Wenn man klein ist dauert das ja immer\nunglaublich lange bis das Christkind wieder kommt und auch die Zeit bis zum\nn\u00e4chsten, 4. 5. oder 10. Geburtstag ist eine gef\u00fchlte Ewigkeit.<\/p>\n\n\n\n<p>Wobei das mit der Ewigkeit ja gar nicht so\neinfach ist, da gibt es doch diese Geschichte, da\u00df ein kleiner Vogel seinen\nSchnabel alle 1000 Jahre an einem Berg wetzt und wenn der Berg dann\nverschwunden ist,&nbsp;&nbsp;ist eine Sekunde der Ewigkeit vergangen.<\/p>\n\n\n\n<p>Wenn man sich das so vorstellt und auf die\ndurchschnittliche Lebenserwartung blickt, dann f\u00fchl ich mich doch recht klein\nund mir wird klar dass ich nicht so wichtig bin f\u00fcr die Welt.<\/p>\n\n\n\n<p>Wichtig sind nur die Menschen, die in\nmeiner pers\u00f6nlichen N\u00e4he leben, von denen ich geliebt werde und ich\nzur\u00fccklieben darf.<\/p>\n\n\n\n<p>Es ist September und bald ist Weihnachten\nund f\u00fcr alle die den Glauben nicht verloren haben kommt dann wieder das\nChristkind.<\/p>\n\n\n\n<p>Man kann sich darauf verlassen!<\/p>\n\n\n\n<p>Als ich noch gearbeitet habe wurden oft\nTermine, auch l\u00e4ngerfristig geplante Meetings, kurzfristig verschoben.&nbsp;<\/p>\n\n\n\n<p>War beispielsweise der Besuch des CEO, das\nhei\u00dft Chief Executive Officer, hat nichts mit Milit\u00e4r zu tun, naja ein bisschen\nvielleicht doch, also im Kindergarten w\u00e4re das der Bestimmer, der eben bestimmt\nwer mit welchem Baukl\u00f6tzen spielen darf und zu welcher Bande ( heute hei\u00dft das\nGang) geh\u00f6rt, geplant,&nbsp;&nbsp;wurde des \u00f6fteren der Besuch des Pr\u00e4sidenten\nkurzfristig abgesagt. Alles war festgelegt, vorbereitet, viele hatten viel\nArbeit in die Vorbereitung gesteckt, nicht alles war immer sinnvoll aber ok,\nman wollte eben einen guten Eindruck machen.&nbsp;<\/p>\n\n\n\n<p>Ich habe mir dann immer vorgestellt, da\u00df\nbestimmt die Ehefrau des Pr\u00e4sidenten zu ihm, 4 Tage vor dem Termin sagte \u201ehast\ndu denn vergessen, da\u00df wir da bei XYs eingeladen sind\u201c oder auch vielleicht,\n\u201eda hat doch deine Mutter Geburtstag!\u201c<\/p>\n\n\n\n<p>Und schon wurde der Termin verschoben. Den\nwirklichen Grund hat man nat\u00fcrlich nie erfahren, es wurde gemunkelt von\nwichtigen Treffen mit anderen Pr\u00e4sidenten oder sehr wichtigen Firmenk\u00e4ufen.<\/p>\n\n\n\n<p>Auf jeden Fall confidental und wichtig&nbsp;<\/p>\n\n\n\n<p>Bei solchen Anl\u00e4ssen habe ich dann immer\ngedacht, sch\u00f6n da\u00df man den 24.12. nicht verschieben kann bzw. eben einfach\nnicht verschiebt. Niemand w\u00fcrde auf diese Idee kommen.<\/p>\n\n\n\n<p>Gott sei Dank gibt es immer noch etwas das\nuns zusammenh\u00e4lt. Der kleine&nbsp;&nbsp;Vogel tr\u00e4gt diesen Berg ab und wir wissen\ndadurch, da\u00df wir nicht das Zentrum des gesamten Universums sind, aber in\nunserer ganz eigenen Welt ist es wichtig zu wissen wohin wir geh\u00f6ren.<\/p>\n\n\n\n<p>Und auch wenn manchmal nicht immer alles\nglatt l\u00e4uft wissen wir ja seit Herrn Wilde, da\u00df am Ende alles gut wird und\nwenn\u2019s jetzt noch nicht gut sein sollte, dann ist es eben noch nicht das Ende.<\/p>\n\n\n\n<p>Ich w\u00fcnsche euch einen wunderbaren, ewig\nlangen Sonntag mit guten Gedanken und erf\u00fcllten W\u00fcnschen!<\/p>\n\n\n\n<p>Papa\/Eckhard&nbsp;<\/p>\n","protected":false},"excerpt":{"rendered":"<p>Meine Lieben, Schon September, au\u00dfer den Kindern denkt wahrscheinlich niemand, da\u00df die Zeit langsam verging. Wenn man klein ist dauert das ja immer unglaublich lange bis das Christkind wieder kommt und auch die Zeit bis zum n\u00e4chsten, 4. 5. oder 10. Geburtstag ist eine gef\u00fchlte Ewigkeit. Wobei das mit der Ewigkeit ja gar nicht so einfach ist, da gibt es doch diese Geschichte, da\u00df ein kleiner Vogel seinen Schnabel alle 1000 Jahre an einem Berg&#8230;<\/p>\n<div class=\"more-link-wrapper\"><a class=\"more-link\" href=\"https:\/\/sonntagsgedanken.de\/blog\/2019\/09\/01\/01-september-2019\/\">mehr<span class=\"screen-reader-text\">01. SEPTEMBER 2019<\/span><\/a><\/div>\n","protected":false},"author":2,"featured_media":0,"comment_status":"open","ping_status":"open","sticky":false,"template":"","format":"standard","meta":{"_et_pb_use_builder":"","_et_pb_old_content":"","_et_gb_content_width":"","spay_email":""},"categories":[1],"tags":[],"jetpack_featured_media_url":"","_links":{"self":[{"href":"https:\/\/sonntagsgedanken.de\/blog\/wp-json\/wp\/v2\/posts\/84"}],"collection":[{"href":"https:\/\/sonntagsgedanken.de\/blog\/wp-json\/wp\/v2\/posts"}],"about":[{"href":"https:\/\/sonntagsgedanken.de\/blog\/wp-json\/wp\/v2\/types\/post"}],"author":[{"embeddable":true,"href":"https:\/\/sonntagsgedanken.de\/blog\/wp-json\/wp\/v2\/users\/2"}],"replies":[{"embeddable":true,"href":"https:\/\/sonntagsgedanken.de\/blog\/wp-json\/wp\/v2\/comments?post=84"}],"version-history":[{"count":1,"href":"https:\/\/sonntagsgedanken.de\/blog\/wp-json\/wp\/v2\/posts\/84\/revisions"}],"predecessor-version":[{"id":85,"href":"https:\/\/sonntagsgedanken.de\/blog\/wp-json\/wp\/v2\/posts\/84\/revisions\/85"}],"wp:attachment":[{"href":"https:\/\/sonntagsgedanken.de\/blog\/wp-json\/wp\/v2\/media?parent=84"}],"wp:term":[{"taxonomy":"category","embeddable":true,"href":"https:\/\/sonntagsgedanken.de\/blog\/wp-json\/wp\/v2\/categories?post=84"},{"taxonomy":"post_tag","embeddable":true,"href":"https:\/\/sonntagsgedanken.de\/blog\/wp-json\/wp\/v2\/tags?post=84"}],"curies":[{"name":"wp","href":"https:\/\/api.w.org\/{rel}","templated":true}]}}