{"id":82,"date":"2019-09-15T01:29:00","date_gmt":"2019-09-14T23:29:00","guid":{"rendered":"http:\/\/sonntagsgedanken.de\/blog\/?p=82"},"modified":"2020-01-29T22:07:24","modified_gmt":"2020-01-29T21:07:24","slug":"15-september-2019","status":"publish","type":"post","link":"https:\/\/sonntagsgedanken.de\/blog\/2019\/09\/15\/15-september-2019\/","title":{"rendered":"15. SEPTEMBER 2019"},"content":{"rendered":"\n<p>Meine Lieben,<\/p>\n\n\n\n<p>Es war kurz nach 7 Uhr am vergangenen\nMittwoch, ich hatte einen fr\u00fchen Termin und war schon unterwegs.<\/p>\n\n\n\n<p>Die Stimmung um diese Zeit war wie das\nBild von Sisley, Houses of Parliament (h\u00e4ngt im Art Institute in Chicago)<\/p>\n\n\n\n<p>Der Himmel leicht verlegen ger\u00f6tet, die\nKirche am Schweizer Ufer war im Nebel nur schemenhaft zu erkennen.&nbsp;<\/p>\n\n\n\n<p>\u00dcber den Feldern lag der\nMorgennebel,&nbsp;&nbsp;alles so ruhig, friedlich und doch ein Aufbruch, ein\nfreudiger Aufbruch in eine neue Zeit.<\/p>\n\n\n\n<p>Und die lief, wie immer unbeirrt, egal ob\nfr\u00fch oder sp\u00e4t, egal ob Fr\u00fchling, Sommer oder jetzt im Herbst und auch im\nWinter wird sie ihren Weg gehen und wir laufen mit. Ich habe mich oft gefragt\ngehen wir mit der Zeit oder geht die Zeit durch uns hindurch.<\/p>\n\n\n\n<p>Vielleicht beides, wir gehen mit, aber es\nso kleinen Schritten, da\u00df die Zeit das Gef\u00fchl hat wir stehen.<\/p>\n\n\n\n<p>Es war der erste Schultag nach den gro\u00dfen\nFerien.<\/p>\n\n\n\n<p>Jungs und M\u00e4dels, entweder alleine oder in\nGr\u00fcppchen mit dem Fahrrad unterwegs auf dem Weg zur Schule, in einem Dorf\nstanden 3 an der Ecke und versuchten wahrscheinlich den einen, der heute\nverschlafen hatte mit dem Handy zu erreichen.&nbsp;<\/p>\n\n\n\n<p>Ich kann mich eigentlich kaum an diesen\nSchulbeginn nach dem Ende der Ferien erinnern.<\/p>\n\n\n\n<p>Nur an den allerersten Schultag, ich hatte\neine gro\u00dfe blaue Schult\u00fcte, mit Mutter und vielen anderen Kindern und M\u00fcttern\nwaren wir in einer gro\u00dfen Turnhalle der Nordstadtschule und wurden namentlich\naufgerufen und in die Klassen eingeteilt, mein Klassenlehrer hie\u00df Herr\nEberwein.<\/p>\n\n\n\n<p>In der Turnhalle waren vier gro\u00dfe Stangen,\ndie bis an die Decke reichten, sp\u00e4ter w\u00e4hrend des Sportunterrichts kletterten\nwir an diesen Stangen um die Wette hoch.<\/p>\n\n\n\n<p>Denke ich die Zeit an den verschiedenen\nGymnasien kommt mir in den Sinn, da\u00df ich manchmal v\u00f6llig ahnungslos war.&nbsp;<\/p>\n\n\n\n<p>An kalten Tagen im Winter hatte ich immer\ndie rechte Hand in der Tasche w\u00e4hrend ich zur Schule lief, dann war sie nicht\nso kalt und das abschreiben der Hausaufgaben von denen, die diese zu Hause\ngemacht hatten ging schneller von statten.<\/p>\n\n\n\n<p>Es war nat\u00fcrlich eine logistische\nHerausforderung, wann man welches Fach abschrieb, mit was fange ich an, was\nkann ich w\u00e4hrend der Religionsstunde machen, ist die gro\u00dfe Pause ausreichend\nf\u00fcr die \u00dcbersetzung.<\/p>\n\n\n\n<p>Irgendwie hat das dann immer geklappt und\ndiese erlernten, organisatorisch F\u00e4higkeiten haben mir durchs Leben geholfen.\nVieles was ich in der Schule h\u00e4tte lernen k\u00f6nnen habe ich dann sp\u00e4ter im Leben\ngelernt und hatte dadurch viele wunderbare \u201eAha\u201c Erlebnisse und vor allem auch\ndie M\u00f6glichkeit manches so zu interpretieren wie ich es f\u00fcr richtig empfand.<\/p>\n\n\n\n<p>Ich bin zufrieden mit dem was war und was\nist.<\/p>\n\n\n\n<p>Ich w\u00fcnsche euch, heute mit einem Blick\n\u00fcber Hofheim, einen wunderbaren Sonntag und der&nbsp;&nbsp;Erkenntnis von Franz\nKafka \u201e Man mu\u00df das Gl\u00fcck begreifen, da\u00df der Boden auf dem du stehst, nicht\ngr\u00f6\u00dfer sein kann, als die zwei F\u00fc\u00dfe ihn bedecken.<\/p>\n\n\n\n<p>Lieben Gru\u00df&nbsp;<\/p>\n\n\n\n<p>Papa\/Eckhard&nbsp;<\/p>\n","protected":false},"excerpt":{"rendered":"<p>Meine Lieben, Es war kurz nach 7 Uhr am vergangenen Mittwoch, ich hatte einen fr\u00fchen Termin und war schon unterwegs. Die Stimmung um diese Zeit war wie das Bild von Sisley, Houses of Parliament (h\u00e4ngt im Art Institute in Chicago) Der Himmel leicht verlegen ger\u00f6tet, die Kirche am Schweizer Ufer war im Nebel nur schemenhaft zu erkennen.&nbsp; \u00dcber den Feldern lag der Morgennebel,&nbsp;&nbsp;alles so ruhig, friedlich und doch ein Aufbruch, ein freudiger Aufbruch in eine&#8230;<\/p>\n<div class=\"more-link-wrapper\"><a class=\"more-link\" href=\"https:\/\/sonntagsgedanken.de\/blog\/2019\/09\/15\/15-september-2019\/\">mehr<span class=\"screen-reader-text\">15. SEPTEMBER 2019<\/span><\/a><\/div>\n","protected":false},"author":2,"featured_media":0,"comment_status":"open","ping_status":"open","sticky":false,"template":"","format":"standard","meta":{"_et_pb_use_builder":"","_et_pb_old_content":"","_et_gb_content_width":"","spay_email":""},"categories":[1],"tags":[],"jetpack_featured_media_url":"","_links":{"self":[{"href":"https:\/\/sonntagsgedanken.de\/blog\/wp-json\/wp\/v2\/posts\/82"}],"collection":[{"href":"https:\/\/sonntagsgedanken.de\/blog\/wp-json\/wp\/v2\/posts"}],"about":[{"href":"https:\/\/sonntagsgedanken.de\/blog\/wp-json\/wp\/v2\/types\/post"}],"author":[{"embeddable":true,"href":"https:\/\/sonntagsgedanken.de\/blog\/wp-json\/wp\/v2\/users\/2"}],"replies":[{"embeddable":true,"href":"https:\/\/sonntagsgedanken.de\/blog\/wp-json\/wp\/v2\/comments?post=82"}],"version-history":[{"count":1,"href":"https:\/\/sonntagsgedanken.de\/blog\/wp-json\/wp\/v2\/posts\/82\/revisions"}],"predecessor-version":[{"id":83,"href":"https:\/\/sonntagsgedanken.de\/blog\/wp-json\/wp\/v2\/posts\/82\/revisions\/83"}],"wp:attachment":[{"href":"https:\/\/sonntagsgedanken.de\/blog\/wp-json\/wp\/v2\/media?parent=82"}],"wp:term":[{"taxonomy":"category","embeddable":true,"href":"https:\/\/sonntagsgedanken.de\/blog\/wp-json\/wp\/v2\/categories?post=82"},{"taxonomy":"post_tag","embeddable":true,"href":"https:\/\/sonntagsgedanken.de\/blog\/wp-json\/wp\/v2\/tags?post=82"}],"curies":[{"name":"wp","href":"https:\/\/api.w.org\/{rel}","templated":true}]}}