{"id":77,"date":"2019-09-29T01:27:00","date_gmt":"2019-09-28T23:27:00","guid":{"rendered":"http:\/\/sonntagsgedanken.de\/blog\/?p=77"},"modified":"2020-01-29T22:07:24","modified_gmt":"2020-01-29T21:07:24","slug":"29-september-2019","status":"publish","type":"post","link":"https:\/\/sonntagsgedanken.de\/blog\/2019\/09\/29\/29-september-2019\/","title":{"rendered":"29. SEPTEMBER 2019"},"content":{"rendered":"\n<p>Meine Lieben,<br><br> diese Woche h\u00f6rte ich im Radio, da\u00df am 26. September vor 50 Jahren das letzte gemeinsam, aufgenommene Beatles Album \u201eAbbey Road\u201c herauskam.<br> Mein Gott, dachte 50 Jahre! Das ist ja doch eine ganze Menge Leben und sofort \u00fcberlegt man, was da vor 50 Jahren war.\u00a0<\/p>\n\n\n\n<p>Welche Schule ich besucht habe, das war\ngar nicht so einfach. Aber es ist mir noch eingefallen, denn mit 19, also ca.\nein Jahr sp\u00e4ter habe ich meine schulische Laufbahn unterbrochen und eine\nBanklehre gemacht.&nbsp;<\/p>\n\n\n\n<p>Abbey Road, f\u00fcr die von euch , die das\nnicht wissen ist das Album mit dem ber\u00fchmten Cover wo die Gruppe \u00fcber einen\nZebrastreifen geht. Die Art wie sie angezogen waren sorgte damals f\u00fcr heftige\nSpekulation, auch der wei\u00dfe VW, der an der Stra\u00dfe stand und auf dessen Nummernschild\n\u201eIF\u201c stand, fachte die Ger\u00fcchte um Pauls angeblichen Tod an.<br>\nNaja, hat sich &nbsp;alles in Luft aufgel\u00f6st, wie immer und heute interessiert\ndas niemand mehr. Man wei\u00df, John Lennon wurde erschossen, das kam in den\nNachrichten, als ich in meinem wei\u00dfen VW Bus \u00fcber die Nordstadtbr\u00fccke in\nPforzheim fuhr, George Harrison starb fr\u00fch an Krebs und die beiden anderen sind\njetzt alte M\u00e4nner und machen immer noch Musik.<br>\nHeute f\u00e4llt mir auf, da\u00df die Jungs gar nicht soviel \u00e4lter sind wie ich.&nbsp;<\/p>\n\n\n\n<p>Als Jugendlicher hatte ich immer das\nGef\u00fchl, die sind erwachsen! &nbsp;Bei den Aufnahmen von Abbey Road waren John,\nPaul, George und RIngo zwischen 27 und 29 Jahren.&nbsp;<\/p>\n\n\n\n<p>Also erwachsen ist relativ und vielleicht\nwird man nie erwachsen, ich glaube man spielt es den anderen nur vor.&nbsp;<\/p>\n\n\n\n<p>Manche nehmen dann dieses Spiel ernst und\ndas ist gef\u00e4hrlich, weil man dann die Unschuld verliert, die Fantasie, die\nEmotionen und, und, und,\u2026. &nbsp;eben alles was ein Kind ausmacht und gerade\ndas sollte man sich erhalten.<\/p>\n\n\n\n<p><br>\nHeute gegen Morgen hatte ich unglaublich wirre Tr\u00e4ume, von ehemaligen Chefs,\nKollegen und alten und neuen Freunden. &nbsp;Ich habe dann als ich diese\nTraumwelt verlie\u00df, einige dieser alten Chefs gegoogelt, habe sie auch gefunden,\nhab&#8216; sie immer noch erkannt, mich gefreut sie zu sehen aber viele Namen von\nVorgesetzten und Kollegen sind mit gar nicht mehr eingefallen.<br>\nDa sieht man &nbsp;wieder, da\u00df vieles nur im Moment wichtig ist. Nur\nWesentliches, egal ob Erlebnisse und Personen, \u00fcberdauert die Jahre.<br>\n<br>\nDas gilt auch f\u00fcr viele Konflikte, oft wei\u00df man schon nach Tagen nicht mehr,\nmanchmal sogar nach Stunden, warum man sich gestritten hat. Man kann es\neigentlich gleich sein lassen.<\/p>\n\n\n\n<p>Das letzte Lied auf Abbey Road ( vor Her\nMajesty, das aber nicht im Inhalt angegeben ist) \u201eThe End\u201c was \u00fcbrigens auch\ndas Ende der Beatles bedeutete, endet &nbsp;mit der Textzeile \u201e&nbsp;<strong>and in\nthe end the love you take is equal to the love you make.<\/strong><\/p>\n\n\n\n<p>Ich w\u00fcnsche euch allen, wo immer ihr auch\ngerade seid,&nbsp;<\/p>\n\n\n\n<p>einen geruhsamen Sonntag<\/p>\n\n\n\n<p>Lieben Gru\u00df<\/p>\n\n\n\n<p>Papa\/Eckhard<\/p>\n","protected":false},"excerpt":{"rendered":"<p>Meine Lieben, diese Woche h\u00f6rte ich im Radio, da\u00df am 26. September vor 50 Jahren das letzte gemeinsam, aufgenommene Beatles Album \u201eAbbey Road\u201c herauskam. Mein Gott, dachte 50 Jahre! Das ist ja doch eine ganze Menge Leben und sofort \u00fcberlegt man, was da vor 50 Jahren war.\u00a0 Welche Schule ich besucht habe, das war gar nicht so einfach. Aber es ist mir noch eingefallen, denn mit 19, also ca. ein Jahr sp\u00e4ter habe ich meine&#8230;<\/p>\n<div class=\"more-link-wrapper\"><a class=\"more-link\" href=\"https:\/\/sonntagsgedanken.de\/blog\/2019\/09\/29\/29-september-2019\/\">mehr<span class=\"screen-reader-text\">29. SEPTEMBER 2019<\/span><\/a><\/div>\n","protected":false},"author":2,"featured_media":0,"comment_status":"open","ping_status":"open","sticky":false,"template":"","format":"standard","meta":{"_et_pb_use_builder":"","_et_pb_old_content":"","_et_gb_content_width":"","spay_email":""},"categories":[1],"tags":[],"jetpack_featured_media_url":"","_links":{"self":[{"href":"https:\/\/sonntagsgedanken.de\/blog\/wp-json\/wp\/v2\/posts\/77"}],"collection":[{"href":"https:\/\/sonntagsgedanken.de\/blog\/wp-json\/wp\/v2\/posts"}],"about":[{"href":"https:\/\/sonntagsgedanken.de\/blog\/wp-json\/wp\/v2\/types\/post"}],"author":[{"embeddable":true,"href":"https:\/\/sonntagsgedanken.de\/blog\/wp-json\/wp\/v2\/users\/2"}],"replies":[{"embeddable":true,"href":"https:\/\/sonntagsgedanken.de\/blog\/wp-json\/wp\/v2\/comments?post=77"}],"version-history":[{"count":2,"href":"https:\/\/sonntagsgedanken.de\/blog\/wp-json\/wp\/v2\/posts\/77\/revisions"}],"predecessor-version":[{"id":79,"href":"https:\/\/sonntagsgedanken.de\/blog\/wp-json\/wp\/v2\/posts\/77\/revisions\/79"}],"wp:attachment":[{"href":"https:\/\/sonntagsgedanken.de\/blog\/wp-json\/wp\/v2\/media?parent=77"}],"wp:term":[{"taxonomy":"category","embeddable":true,"href":"https:\/\/sonntagsgedanken.de\/blog\/wp-json\/wp\/v2\/categories?post=77"},{"taxonomy":"post_tag","embeddable":true,"href":"https:\/\/sonntagsgedanken.de\/blog\/wp-json\/wp\/v2\/tags?post=77"}],"curies":[{"name":"wp","href":"https:\/\/api.w.org\/{rel}","templated":true}]}}