{"id":73,"date":"2019-10-13T01:26:00","date_gmt":"2019-10-12T23:26:00","guid":{"rendered":"http:\/\/sonntagsgedanken.de\/blog\/?p=73"},"modified":"2020-01-29T22:07:24","modified_gmt":"2020-01-29T21:07:24","slug":"13-oktober-2019","status":"publish","type":"post","link":"https:\/\/sonntagsgedanken.de\/blog\/2019\/10\/13\/13-oktober-2019\/","title":{"rendered":"13. OKTOBER 2019"},"content":{"rendered":"\n<p>Meine Lieben,<\/p>\n\n\n\n<p>Klassentreffen, da komme ich gerade her. Beginnend mit dem schreiben hatte ich zun\u00e4chst <em>Klassetreffen<\/em> geschrieben. H\u00e4tte auch gestimmt!\u00a0<\/p>\n\n\n\n<p>Wir treffen uns einmal im Jahr, so ein\nharter Kern, ca. 15reife M\u00e4nner und Frauen, das mit der Reife ist jetzt nicht\nso ernst gemeint, bezieht sich eher auf das \u00c4u\u00dfere als auf den Geist und das\nist gut so.<\/p>\n\n\n\n<p>Ich finde das jedes Jahr wieder sch\u00f6n und\nes stimmt wirklich nicht, da\u00df man immer das gleiche redet. Naja, manchmal kommt\nman wirklich zur\u00fcck auf die Schulzeit, aber eher selten und dann haupts\u00e4chlich\ndie Lehrer unter uns. Das mu\u00df auch verstehen, sie haben ja immerhin ihr ganzes\nLeben in dieser Umgebung verbracht.<\/p>\n\n\n\n<p>Grunds\u00e4tzlich haben die meisten eigentlich\nkeinen oder wenig Kontakt unter dem Jahr, wie leben eben seit vielen Jahren\nunser individuelles Leben so wie es der\/die Einzelne f\u00fcr sich entschieden hat\noder das Schicksal eben wollte.&nbsp;<\/p>\n\n\n\n<p>Was mir wirklich immer wieder auff\u00e4llt,\nda\u00df es bei aller Distanz eine unglaubliche Vertrautheit gibt, irgendwie eine\njugendliche Unschuld.<\/p>\n\n\n\n<p>Es ist auch wunderbar zu sehen, wie sich\nalle um ihre, falls noch vorhanden, M\u00fctter oder V\u00e4ter k\u00fcmmern. Eine, deren\nVater n\u00e4chste Woche 99 Jahre alt wird, noch zuhause alleine lebt, versorgt ihn\nt\u00e4glich, vom Socken anziehen, Butterbrot schmieren, wie sie erz\u00e4hlt.<\/p>\n\n\n\n<p>&nbsp;Kartoffelsalat hat er sich f\u00fcr seine\n20 G\u00e4ste zum Geburtstag gew\u00fcnscht.<\/p>\n\n\n\n<p>Wenn ich zur\u00fcck denke h\u00e4tte ich das nie\n&nbsp;gedacht, da\u00df sie sich so entwickelt. Ich glaube in unserer Jugend waren\nwir mehr mit uns selbst besch\u00e4ftigt, laut und auf Spa\u00df getrimmt, intensive,\nmanchmal unsinnige Diskussionen mit Lehrern und Eltern, aber das geh\u00f6rte\n&nbsp;alles dazu<\/p>\n\n\n\n<p>Und sie ist wirklich nur beispielhaft,\nalle tun das, vielleicht ist das mit &nbsp;Reife gemeint , Verantwortung,\nzur\u00fcckgeben was man als selbstverst\u00e4ndlich, wenn auch manchmal l\u00e4stig\nempfand.&nbsp;<\/p>\n\n\n\n<p>Und alle von uns, zumindest hab ich den\nEindruck, sind mit ihrem Leben zufrieden, gl\u00fccklich, jammern, nur weil man eben\nein bi\u00dfchen jammern mu\u00df. Meist \u00fcber die eigenen Kinder, &#8222;wie die unsere\nEnkel erziehen\u201c! Man w\u00fcrde ja selbst viel mehr Freiheit geben usw, usw\u2026..<\/p>\n\n\n\n<p>N\u00e4chste Woche treffe ich 2 aus dieser\nGruppe wieder, beim n\u00e4chsten Klassentreffen, das ist eben der Vorteil wenn der\nFokus in der Jugend mehr auf sozialen Kontakten lag als auf Latein, Mathe, Erdkunde,\netc..<\/p>\n\n\n\n<p>Aber wir alle haben unseren Weg gemacht,\negal von wovon aus wir gestartet sind oder wieviele Umwege wir gemacht haben\nund da pa\u00dft doch das Wort von&nbsp;<\/p>\n\n\n\n<p>Robert Louis Stevensen hervorragend:<\/p>\n\n\n\n<p><em>\u201e Im Leben kommt es nicht darauf an, ein gutes Blatt in der Hand zu haben, sondern mit schlechten Karten gut zu spielen.\u201c<\/em><\/p>\n\n\n\n<p>Ich w\u00fcnsche euch einen wunderbaren,\nsonnigen, entspannten Sonntag&nbsp;<\/p>\n\n\n\n<p>Lieben Gru\u00df&nbsp;<\/p>\n\n\n\n<p>Papa\/Eckhard<\/p>\n","protected":false},"excerpt":{"rendered":"<p>Meine Lieben, Klassentreffen, da komme ich gerade her. Beginnend mit dem schreiben hatte ich zun\u00e4chst Klassetreffen geschrieben. H\u00e4tte auch gestimmt!\u00a0 Wir treffen uns einmal im Jahr, so ein harter Kern, ca. 15reife M\u00e4nner und Frauen, das mit der Reife ist jetzt nicht so ernst gemeint, bezieht sich eher auf das \u00c4u\u00dfere als auf den Geist und das ist gut so. Ich finde das jedes Jahr wieder sch\u00f6n und es stimmt wirklich nicht, da\u00df man immer&#8230;<\/p>\n<div class=\"more-link-wrapper\"><a class=\"more-link\" href=\"https:\/\/sonntagsgedanken.de\/blog\/2019\/10\/13\/13-oktober-2019\/\">mehr<span class=\"screen-reader-text\">13. OKTOBER 2019<\/span><\/a><\/div>\n","protected":false},"author":2,"featured_media":0,"comment_status":"open","ping_status":"open","sticky":false,"template":"","format":"standard","meta":{"_et_pb_use_builder":"","_et_pb_old_content":"","_et_gb_content_width":"","spay_email":""},"categories":[1],"tags":[],"jetpack_featured_media_url":"","_links":{"self":[{"href":"https:\/\/sonntagsgedanken.de\/blog\/wp-json\/wp\/v2\/posts\/73"}],"collection":[{"href":"https:\/\/sonntagsgedanken.de\/blog\/wp-json\/wp\/v2\/posts"}],"about":[{"href":"https:\/\/sonntagsgedanken.de\/blog\/wp-json\/wp\/v2\/types\/post"}],"author":[{"embeddable":true,"href":"https:\/\/sonntagsgedanken.de\/blog\/wp-json\/wp\/v2\/users\/2"}],"replies":[{"embeddable":true,"href":"https:\/\/sonntagsgedanken.de\/blog\/wp-json\/wp\/v2\/comments?post=73"}],"version-history":[{"count":1,"href":"https:\/\/sonntagsgedanken.de\/blog\/wp-json\/wp\/v2\/posts\/73\/revisions"}],"predecessor-version":[{"id":74,"href":"https:\/\/sonntagsgedanken.de\/blog\/wp-json\/wp\/v2\/posts\/73\/revisions\/74"}],"wp:attachment":[{"href":"https:\/\/sonntagsgedanken.de\/blog\/wp-json\/wp\/v2\/media?parent=73"}],"wp:term":[{"taxonomy":"category","embeddable":true,"href":"https:\/\/sonntagsgedanken.de\/blog\/wp-json\/wp\/v2\/categories?post=73"},{"taxonomy":"post_tag","embeddable":true,"href":"https:\/\/sonntagsgedanken.de\/blog\/wp-json\/wp\/v2\/tags?post=73"}],"curies":[{"name":"wp","href":"https:\/\/api.w.org\/{rel}","templated":true}]}}