{"id":68,"date":"2019-10-27T01:15:00","date_gmt":"2019-10-26T23:15:00","guid":{"rendered":"http:\/\/sonntagsgedanken.de\/blog\/?p=68"},"modified":"2020-01-29T22:07:24","modified_gmt":"2020-01-29T21:07:24","slug":"27-oktober-2019","status":"publish","type":"post","link":"https:\/\/sonntagsgedanken.de\/blog\/2019\/10\/27\/27-oktober-2019\/","title":{"rendered":"27. OKTOBER 2019"},"content":{"rendered":"<p>Meine Lieben,<\/p>\n<p>zur\u00fcck am See. Die Zeit ist ab heute wieder normal.<br \/>\nAuch \u00fcbliches Bodenseewetter f\u00fcr Ende Oktober. Die Sommertouristen sind weg, die Stuttgarter lassen ihre Ferienh\u00e4user verwaisen, wir sind jetzt wieder ganz unter uns.<br \/>\nDer Nebel deckt uns zu.<\/p>\n<p>Der Zug auf der Schweizer Seite kommt aus einem Berg aus Watte und verschwindet wieder in dieser wei\u00dfen Welt.<br \/>\nWenn ich mit Freunden aus dem Norden telefoniere erz\u00e4hlen sie mir von strahlend blauem Himmel und bedauern mich, da\u00df ich in dieser \u201eNebelsuppe\u201c sitze.<br \/>\nIch mu\u00df sagen ich finde das gar nicht so schlimm. Der Nebel verschluckt vieles, alles ist schemenhaft, unwirklich, man mu\u00df ja nicht immer alles so genau sehen und manchmal ist das sogar besser.<\/p>\n<p>Je unsch\u00e4rfer und ferner die Au\u00dfenwelt \u00a0umso klarer werden die eigenen Gedanken, man hat Zeit nach innen zu schauen und kann seinen Kopf befreien.<\/p>\n<p><em>Unabh\u00e4ngigkeit im Denken ist das erste Kennzeichen der Freiheit. Ohne sie bleibst du ein Sklave der Umst\u00e4nde.<\/em><\/p>\n<p><a href=\"https:\/\/www.aphorismen.de\/autoren\/person\/3906\/Swami+Vivekananda\">Swami Vivekananda<\/a><\/p>\n<p>(1863 &#8211; 1902), eigentlich Narendaranath Datta, indischer Anh\u00e4nger und Urheber der Ramakrishna-Bewegung, aber auch Verfechter der Einheit aller Religionen<\/p>\n<p>Ich w\u00fcnsche euch einen angenehmen Sonntag mit wenig Ablenkung und guten Gedanken<\/p>\n<p>Lieben Gru\u00df vom See<\/p>\n<p>Papa\/Eckhard<\/p>\n","protected":false},"excerpt":{"rendered":"<p>Meine Lieben, zur\u00fcck am See. Die Zeit ist ab heute wieder normal. Auch \u00fcbliches Bodenseewetter f\u00fcr Ende Oktober. Die Sommertouristen sind weg, die Stuttgarter lassen ihre Ferienh\u00e4user verwaisen, wir sind jetzt wieder ganz unter uns. Der Nebel deckt uns zu. Der Zug auf der Schweizer Seite kommt aus einem Berg aus Watte und verschwindet wieder in dieser wei\u00dfen Welt. Wenn ich mit Freunden aus dem Norden telefoniere erz\u00e4hlen sie mir von strahlend blauem Himmel und&#8230;<\/p>\n<div class=\"more-link-wrapper\"><a class=\"more-link\" href=\"https:\/\/sonntagsgedanken.de\/blog\/2019\/10\/27\/27-oktober-2019\/\">mehr<span class=\"screen-reader-text\">27. OKTOBER 2019<\/span><\/a><\/div>\n","protected":false},"author":2,"featured_media":0,"comment_status":"open","ping_status":"open","sticky":false,"template":"","format":"standard","meta":{"_et_pb_use_builder":"","_et_pb_old_content":"","_et_gb_content_width":"","spay_email":""},"categories":[1],"tags":[],"jetpack_featured_media_url":"","_links":{"self":[{"href":"https:\/\/sonntagsgedanken.de\/blog\/wp-json\/wp\/v2\/posts\/68"}],"collection":[{"href":"https:\/\/sonntagsgedanken.de\/blog\/wp-json\/wp\/v2\/posts"}],"about":[{"href":"https:\/\/sonntagsgedanken.de\/blog\/wp-json\/wp\/v2\/types\/post"}],"author":[{"embeddable":true,"href":"https:\/\/sonntagsgedanken.de\/blog\/wp-json\/wp\/v2\/users\/2"}],"replies":[{"embeddable":true,"href":"https:\/\/sonntagsgedanken.de\/blog\/wp-json\/wp\/v2\/comments?post=68"}],"version-history":[{"count":1,"href":"https:\/\/sonntagsgedanken.de\/blog\/wp-json\/wp\/v2\/posts\/68\/revisions"}],"predecessor-version":[{"id":69,"href":"https:\/\/sonntagsgedanken.de\/blog\/wp-json\/wp\/v2\/posts\/68\/revisions\/69"}],"wp:attachment":[{"href":"https:\/\/sonntagsgedanken.de\/blog\/wp-json\/wp\/v2\/media?parent=68"}],"wp:term":[{"taxonomy":"category","embeddable":true,"href":"https:\/\/sonntagsgedanken.de\/blog\/wp-json\/wp\/v2\/categories?post=68"},{"taxonomy":"post_tag","embeddable":true,"href":"https:\/\/sonntagsgedanken.de\/blog\/wp-json\/wp\/v2\/tags?post=68"}],"curies":[{"name":"wp","href":"https:\/\/api.w.org\/{rel}","templated":true}]}}