{"id":53,"date":"2019-11-17T00:12:00","date_gmt":"2019-11-16T23:12:00","guid":{"rendered":"http:\/\/sonntagsgedanken.de\/blog\/?p=53"},"modified":"2020-01-29T22:07:24","modified_gmt":"2020-01-29T21:07:24","slug":"17-november-2019","status":"publish","type":"post","link":"https:\/\/sonntagsgedanken.de\/blog\/2019\/11\/17\/17-november-2019\/","title":{"rendered":"17. NOVEMBER 2019"},"content":{"rendered":"\n<p>Meine Lieben,<\/p>\n\n\n\n<p>inzwischen ist ja jedem klar, da\u00df ich die&nbsp;Sonntagsgedanken,\nspeziell wenn sie recht ausf\u00fchrlich sind, nat\u00fcrlich unter der Woche schreibe,\nverbessere, redigiere, wieder neu schreibe und dann am Sonntag ( nie vor 00.00\nUhr) wegschicke.<\/p>\n\n\n\n<p>Jetzt ist Mittwoch, 11 Uhr am Vormittag, ich sitze am\nSchreibtisch, die Sonne scheint, Wolken ziehen schnell von Westen \u00fcber den See.\nDas Pampasgras, mit lila gef\u00e4chterten Spitzen, das vor meinem Fenster im Hang\nsteht &nbsp;wird vom Wind zerzaust. &nbsp;Auf dem Schreibtisch eher ein Chaos,\nBardolinokalender, Taschenrechner, ein bunter Glasstein aus Murano, das Handy\nist auch unter irgendetwas begraben nur die Bilder am Rand mit meinen S\u00f6hnen im\nAlter von 3, 7 und 11 in Flumserberg auf der Terrasse im Schnee, mein Opa der\nfragend , mit einem Finger am Mund in die Welt schaut sowie das letztj\u00e4hrige\nFamilienbild, der Spielzeugtraktor , der Hippie Bully stehen ordentlich am\nRande des Schreibtisches. Nur eine l\u00e4chelnde kleine Buddahfigur hat sich\nirgendwie in die Mitte geschafft, keine Ahnung wie der das macht.<\/p>\n\n\n\n<p>Jetzt wird der Wind doch etwas st\u00fcrmischer, F\u00f6hn w\u00fcrde ich sagen.\nDieser Wind erinnert mich daran, da\u00df ich mit meinem Philosophielehrer, er war\nein begeisterter Sportflieger, mal einen Flug gemacht habe. &nbsp;In der N\u00e4he\nvon Aschaffenburg auf einem kleinen Sportflughafen haben wir die Cesna, die irgendwie\nganz hinten in der Ecke stand, mit viel M\u00fche in Freie geschoben.&nbsp;<\/p>\n\n\n\n<p>Er hat alles ordnungsgem\u00e4\u00df \u00fcberpr\u00fcft und dann ging\u2019s los. Mit\nGeknatter \u00fcber die Piste und hoch in die Luft. &nbsp;Es war sehr sch\u00f6n, das\nWetter war zwar nicht so hervorragend wie jetzt am See, aber der Wind war\n\u00e4hnlich kr\u00e4ftig, das hat uns aber nicht gest\u00f6rt. Er hat mir vieles erkl\u00e4rt,\ns\u00e4mtliche Instrumente, flog einige Schleifen \u00fcber der Umgebung von\nAschaffenburg und nebenbei haben wir, wie es sich geh\u00f6rt, philosophiert. \u00dcber\nGott und die Welt, die Liebe, Frauen und das Leben im freine Flug im besonderen\nund allgemeinen. Nach ca. einer Stunde haben wir dann wieder zur Landung\nangesetzt.&nbsp;<\/p>\n\n\n\n<p>\u201eJetzt\u201c sagte er \u201emu\u00df ich mich konzentrieren, beim landen habe ich\nimmer ein bissl Schwierigkeiten\u201c. Mir war mit einem Mal klar warum seine Frau\nzu ihm gesagt hatte \u201ena, hast du wieder ein Opfer gefunden!\u201c<\/p>\n\n\n\n<p>Ich habe mich gut festgehalten, nach vorne geschaut und mich sehr\nrelaxed gegeben, c<\/p>\n\n\n\n<p>ganz cool!<\/p>\n\n\n\n<p>Ich war dann doch recht froh, da\u00df wir sicher landeten nachdem wir,\nmeiner Meinung nach, den Begrenzungszaun recht knapp \u00fcberflogen hatten( ist\naber vielleicht eine Frage der Perspektive)<\/p>\n\n\n\n<p>Ich w\u00fcnschen euch allen einen entspannten Sonntag, mit viel\n\u00dcbersicht und einem Zitat von Theodor Fontane<\/p>\n\n\n\n<p>Lieben Gru\u00df aus Hofheim<\/p>\n\n\n\n<p>Eckhard<\/p>\n","protected":false},"excerpt":{"rendered":"<p>Meine Lieben, inzwischen ist ja jedem klar, da\u00df ich die&nbsp;Sonntagsgedanken, speziell wenn sie recht ausf\u00fchrlich sind, nat\u00fcrlich unter der Woche schreibe, verbessere, redigiere, wieder neu schreibe und dann am Sonntag ( nie vor 00.00 Uhr) wegschicke. Jetzt ist Mittwoch, 11 Uhr am Vormittag, ich sitze am Schreibtisch, die Sonne scheint, Wolken ziehen schnell von Westen \u00fcber den See. Das Pampasgras, mit lila gef\u00e4chterten Spitzen, das vor meinem Fenster im Hang steht &nbsp;wird vom Wind zerzaust.&#8230;<\/p>\n<div class=\"more-link-wrapper\"><a class=\"more-link\" href=\"https:\/\/sonntagsgedanken.de\/blog\/2019\/11\/17\/17-november-2019\/\">mehr<span class=\"screen-reader-text\">17. NOVEMBER 2019<\/span><\/a><\/div>\n","protected":false},"author":2,"featured_media":0,"comment_status":"open","ping_status":"open","sticky":false,"template":"","format":"standard","meta":{"_et_pb_use_builder":"","_et_pb_old_content":"","_et_gb_content_width":"","spay_email":""},"categories":[1],"tags":[],"jetpack_featured_media_url":"","_links":{"self":[{"href":"https:\/\/sonntagsgedanken.de\/blog\/wp-json\/wp\/v2\/posts\/53"}],"collection":[{"href":"https:\/\/sonntagsgedanken.de\/blog\/wp-json\/wp\/v2\/posts"}],"about":[{"href":"https:\/\/sonntagsgedanken.de\/blog\/wp-json\/wp\/v2\/types\/post"}],"author":[{"embeddable":true,"href":"https:\/\/sonntagsgedanken.de\/blog\/wp-json\/wp\/v2\/users\/2"}],"replies":[{"embeddable":true,"href":"https:\/\/sonntagsgedanken.de\/blog\/wp-json\/wp\/v2\/comments?post=53"}],"version-history":[{"count":1,"href":"https:\/\/sonntagsgedanken.de\/blog\/wp-json\/wp\/v2\/posts\/53\/revisions"}],"predecessor-version":[{"id":54,"href":"https:\/\/sonntagsgedanken.de\/blog\/wp-json\/wp\/v2\/posts\/53\/revisions\/54"}],"wp:attachment":[{"href":"https:\/\/sonntagsgedanken.de\/blog\/wp-json\/wp\/v2\/media?parent=53"}],"wp:term":[{"taxonomy":"category","embeddable":true,"href":"https:\/\/sonntagsgedanken.de\/blog\/wp-json\/wp\/v2\/categories?post=53"},{"taxonomy":"post_tag","embeddable":true,"href":"https:\/\/sonntagsgedanken.de\/blog\/wp-json\/wp\/v2\/tags?post=53"}],"curies":[{"name":"wp","href":"https:\/\/api.w.org\/{rel}","templated":true}]}}