{"id":52789,"date":"2026-09-06T00:06:00","date_gmt":"2026-09-05T22:06:00","guid":{"rendered":"https:\/\/sonntagsgedanken.de\/blog\/?p=52789"},"modified":"2026-09-05T21:10:58","modified_gmt":"2026-09-05T19:10:58","slug":"wie-man-sich-bettet","status":"publish","type":"post","link":"https:\/\/sonntagsgedanken.de\/blog\/2026\/09\/06\/wie-man-sich-bettet\/","title":{"rendered":"Wie man sich bettet \u2026"},"content":{"rendered":"\n<p class=\"wp-block-paragraph\">Meine Lieben,<\/p>\n\n\n\n<p class=\"wp-block-paragraph\">es ist 5 Uhr am fr\u00fchen Morgen, ich liege noch im Bett. Die Fenster sind weit offen, ein angenehmes Windchen streicht durch das Zimmer, die Raben kr\u00e4chzen, wie jeden Morgen.<br>Wenn sie nur singen k\u00f6nnten! Wahrscheinlich denken sie \u2013 falls sie denken k\u00f6nnen, aber warum eigentlich nicht? \u2013, das w\u00e4re Singen und finden das einmalig, wobei sie mit dem \u201eeinmalig\u201c wahrscheinlich recht haben.<\/p>\n\n\n\n<p class=\"wp-block-paragraph\">Alle m\u00f6glichen Gedanken drehen sich in meinem Kopf. Schwierig, einen festzuhalten, weil sie so schnell sind, so unorganisiert und einfach zu viele.<br>Halt, stop, jetzt habe ich einen erwischt. Wie liege ich eigentlich?<br>Der Kopf im Norden, die Beine dann Richtung S\u00fcden, logischerweise.<\/p>\n\n\n\n<p class=\"wp-block-paragraph\">Ich \u00fcberlege mal, wie und wo ich immer im Bett liege, also am See, das wi\u00dft ihr ja jetzt, in Hofheim von Osten nach Westen, in meiner Jugendzeit lag ich von S\u00fcden nach Norden, aber als ich das gr\u00f6\u00dfere Mansardenzimmer meines Bruders \u00fcbernahm (er war beim Bund), auch mal von Westen nach Osten.<\/p>\n\n\n\n<p class=\"wp-block-paragraph\">Sogar in manchen Hotels, wenn ich dort \u00f6fter war, wie in den USA in der N\u00e4he meines Arbeitgebers, in Chicago, Ost \u2013 West, je nachdem, in welchem Zimmer ich gebucht war. Spielt das eigentlich eine Rolle, frage ich mich?<\/p>\n\n\n\n<p class=\"wp-block-paragraph\">So k\u00f6nnte ich ewig weitermachen.<br>Ewig ist jetzt ein bi\u00dfchen \u00fcbertrieben, aber ich krieg mehr oder weniger meine s\u00e4mtlichen, wie sagt man da jetzt, Bettliegepositionen zusammen.<br>Was f\u00fcr ein Bl\u00f6dsinn, v\u00f6llig sinn- und nutzlos.<\/p>\n\n\n\n<p class=\"wp-block-paragraph\">Es gibt zur Schlafposition keine wissenschaftlichen Untersuchungen, aber im Ayurveda sollte der Kopf im Osten sein, so folgt man der Erdrotation und dem Sonnenaufgang. Im Feng Shui liegt man am besten von Norden nach S\u00fcden und somit im Einklang mit dem magnetischen Feld der Erde.<\/p>\n\n\n\n<p class=\"wp-block-paragraph\">Naja, wer\u2019s glaubt, ich meine, es ist eher wichtig, wer neben einem liegt oder, wenn man alleine liegt, da\u00df man ein gutes \u201eFritzle\u201c im Arm hat, auf dem man sein m\u00fcdes Haupt betten kann. Ein Fritzle ist \u00fcbrigens das kleine Kissen, das man immer bei sich haben sollte. Ok, wenn ihr lieber auf einem Pl\u00fcsch-Raben oder einem alten Krokodil aus Kindertagen schlafen wollt, ist das nat\u00fcrlich auch zu tolerieren, wenn\u2019s zur Geborgenheit beitr\u00e4gt.<\/p>\n\n\n\n<p class=\"wp-block-paragraph\">Jetzt, da ich mich mit dieser ganzen Schlaferei besch\u00e4ftigt habe, bin ich nat\u00fcrlich noch weiter interessiert.<\/p>\n\n\n\n<p class=\"wp-block-paragraph\">Was es da alles gibt, schaut mal im Netz nach, Bauchlage, Seitenlage (das mit der stabilen Seitenlage ist jetzt etwas anderes, das macht dann jemand mit einem, hoffentlich), Embryolage, R\u00fcckenlage. Viel mehr kann es auch nicht geben, sonst w\u00fcrde man ja in der Luft h\u00e4ngen.<\/p>\n\n\n\n<p class=\"wp-block-paragraph\">\u00dcbrigens hat die heutige \u00dcberschrift nichts damit zu tun, wie man liegt, dieses alte deutsche Sprichwort meint, da\u00df jeder im Endeffekt f\u00fcr seine Entscheidungen und Taten verantwortlich ist und die entsprechenden Konsequenzen tragen mu\u00df.<\/p>\n\n\n\n<p class=\"wp-block-paragraph\">Das klingt jetzt negativ, ist es aber nicht. Es gibt immer einen Weg, der uns in die individuelle, richtige Richtung f\u00fchrt.<\/p>\n\n\n\n<p class=\"wp-block-paragraph\">Das Beste am \u00c4lterwerden oder, besser gesagt, am Alter ist, da\u00df man pl\u00f6tzlich merkt, was man nicht mehr weiterdenken muss, was man nicht mehr verstehen muss. Mit seinen Gedanken, seinem Herzen, seiner Seele macht man einen Friedensvertrag, nicht nur einen Waffenstillstand, einen endg\u00fcltigen Friedensvertrag! Dieser ist das Resultat der durchlebten Jahre, mit Erfahrungen, die so alt sind wie man selbst.<\/p>\n\n\n\n<figure class=\"wp-block-embed is-type-video is-provider-youtube wp-block-embed-youtube wp-embed-aspect-4-3 wp-has-aspect-ratio\"><div class=\"wp-block-embed__wrapper\">\n<iframe loading=\"lazy\" title=\"Talk To Me Baby (2012 Remastered)\" width=\"500\" height=\"375\" src=\"https:\/\/www.youtube.com\/embed\/Khh1mEtkVwA?feature=oembed\" frameborder=\"0\" allow=\"accelerometer; autoplay; clipboard-write; encrypted-media; gyroscope; picture-in-picture; web-share\" referrerpolicy=\"strict-origin-when-cross-origin\" allowfullscreen><\/iframe>\n<\/div><\/figure>\n\n\n\n<p class=\"wp-block-paragraph\">Ich w\u00fcnsche euch einen Sonntag in der idealen Lage,<br>pa\u00dft auf euch auf, streitet nicht und haltet zusammen.<\/p>\n\n\n\n<p class=\"wp-block-paragraph\">Lieben Gru\u00df aus Hofheim<br>Euer Eckhard\/Papa\/Opa<\/p>\n\n\n\n<p class=\"wp-block-paragraph\">P. S. Eine Auswahl der Sonntagsgedanken als Taschenbuch bekommt ihr bei Amazon oder auch unter ISBN 978 376 9311 006 und ISBN 978 369 5178 643 bei eurer Buchhandlung.<\/p>\n\n\n\n<p class=\"wp-block-paragraph\"><\/p>\n","protected":false},"excerpt":{"rendered":"<p>Meine Lieben, es ist 5 Uhr am fr\u00fchen Morgen, ich liege noch im Bett. Die Fenster sind weit offen, ein angenehmes Windchen streicht durch das Zimmer, die Raben kr\u00e4chzen, wie jeden Morgen.Wenn sie nur singen k\u00f6nnten! Wahrscheinlich denken sie \u2013 falls sie denken k\u00f6nnen, aber warum eigentlich nicht? \u2013, das w\u00e4re Singen und finden das einmalig, wobei sie mit dem \u201eeinmalig\u201c wahrscheinlich recht haben. Alle m\u00f6glichen Gedanken drehen sich in meinem Kopf. Schwierig, einen festzuhalten,&#8230;<\/p>\n<div class=\"more-link-wrapper\"><a class=\"more-link\" href=\"https:\/\/sonntagsgedanken.de\/blog\/2026\/09\/06\/wie-man-sich-bettet\/\">mehr<span class=\"screen-reader-text\">Wie man sich bettet \u2026<\/span><\/a><\/div>\n","protected":false},"author":2,"featured_media":52375,"comment_status":"closed","ping_status":"open","sticky":false,"template":"","format":"standard","meta":{"_et_pb_use_builder":"off","_et_pb_old_content":"","_et_gb_content_width":"","spay_email":"","footnotes":""},"categories":[1],"tags":[],"class_list":["post-52789","post","type-post","status-publish","format-standard","has-post-thumbnail","hentry","category-sonntagsgedanken","ratio-16-9","entry"],"jetpack_featured_media_url":"https:\/\/i2.wp.com\/sonntagsgedanken.de\/blog\/wp-content\/uploads\/2023\/12\/lampen.jpg?fit=2432%2C1620&ssl=1","_links":{"self":[{"href":"https:\/\/sonntagsgedanken.de\/blog\/wp-json\/wp\/v2\/posts\/52789","targetHints":{"allow":["GET"]}}],"collection":[{"href":"https:\/\/sonntagsgedanken.de\/blog\/wp-json\/wp\/v2\/posts"}],"about":[{"href":"https:\/\/sonntagsgedanken.de\/blog\/wp-json\/wp\/v2\/types\/post"}],"author":[{"embeddable":true,"href":"https:\/\/sonntagsgedanken.de\/blog\/wp-json\/wp\/v2\/users\/2"}],"replies":[{"embeddable":true,"href":"https:\/\/sonntagsgedanken.de\/blog\/wp-json\/wp\/v2\/comments?post=52789"}],"version-history":[{"count":1,"href":"https:\/\/sonntagsgedanken.de\/blog\/wp-json\/wp\/v2\/posts\/52789\/revisions"}],"predecessor-version":[{"id":52790,"href":"https:\/\/sonntagsgedanken.de\/blog\/wp-json\/wp\/v2\/posts\/52789\/revisions\/52790"}],"wp:featuredmedia":[{"embeddable":true,"href":"https:\/\/sonntagsgedanken.de\/blog\/wp-json\/wp\/v2\/media\/52375"}],"wp:attachment":[{"href":"https:\/\/sonntagsgedanken.de\/blog\/wp-json\/wp\/v2\/media?parent=52789"}],"wp:term":[{"taxonomy":"category","embeddable":true,"href":"https:\/\/sonntagsgedanken.de\/blog\/wp-json\/wp\/v2\/categories?post=52789"},{"taxonomy":"post_tag","embeddable":true,"href":"https:\/\/sonntagsgedanken.de\/blog\/wp-json\/wp\/v2\/tags?post=52789"}],"curies":[{"name":"wp","href":"https:\/\/api.w.org\/{rel}","templated":true}]}}