{"id":52735,"date":"2026-04-26T00:35:00","date_gmt":"2026-04-25T22:35:00","guid":{"rendered":"https:\/\/sonntagsgedanken.de\/blog\/?p=52735"},"modified":"2026-04-25T08:41:57","modified_gmt":"2026-04-25T06:41:57","slug":"medidi","status":"publish","type":"post","link":"https:\/\/sonntagsgedanken.de\/blog\/2026\/04\/26\/medidi\/","title":{"rendered":"Medidi"},"content":{"rendered":"\n<p>Meine Lieben,<\/p>\n\n\n\n<p>ihr kennt das bestimmt, da\u00df man einfach etwas falsch versteht, der ber\u00fchmte wei\u00dfe N \u2026 Wumbaba oder \u00c4hnliches. Was hatte ich mit der Mutti einen Disput!<\/p>\n\n\n\n<p>Neben all dem Spielen, Singen und Geschichtenh\u00f6ren haben wir auch geturnt, im Kindergarten, und ich habe das nat\u00fcrlich auch zuhause als 3-J\u00e4hriger Drei-K\u00e4se-Hoch erz\u00e4hlt. \u201eTurnen ist die beste Medidi!\u201c<\/p>\n\n\n\n<p>Alle \u00dcberzeugungsk\u00fcnste meiner Mutter, da\u00df das Medizin hei\u00dfe, haben nicht gefruchtet. \u201eDie Tante Luise und die Schwester Emilie sagen: beste Medidi, das wei\u00df ich ganz bestimmt, ganz bestimmt!\u201c<\/p>\n\n\n\n<p>Der Kindergarten war ums Eck, nicht l\u00e4nger als f\u00fcnf Minuten, ja, als Kind braucht man etwas l\u00e4nger, es gibt so viel Interessantes unterwegs zu sehen.<\/p>\n\n\n\n<p>Exkurs: Heute kam mir gegen halb acht, ich war unterwegs zum Br\u00f6tchen holen, ein Junge entgegen, circa acht oder neun Jahre alt. W\u00e4hrend er so vor sich hin lief, sprach der Schulranzen mit ihm, ich nehme mal an, da\u00df da seine Mutter ein Handy reingesteckt hatte, sie sagte, er solle sich beeilen, in zw\u00f6lf Minuten m\u00fcsse er in der Schule sein etc. Totale \u00dcberwachung! Aber es ist ja schon ein Fortschritt, da\u00df er alleine zur Schule ging, normalerweise wird man heutzutage gefahren.<\/p>\n\n\n\n<p>Mein Kindergarten war im Erdgescho\u00df der Thomaspfarrei, der Gemeindesaal, in dem die Gottesdienste stattfanden, im ersten Stock. Der Hort war \u00fcbrigens noch ein St\u00fcck weiter oben in der Stra\u00dfe, aber der war f\u00fcr Ganztagsbetreuung, heute sagt, glaube ich, niemand mehr Hort, heute hei\u00dft das Kita, also Kindertagesst\u00e4tte. \u00dcberhaupt finde ich die ganze Abk\u00fcrzerei schrecklich, k\u00f6nnte mich schon entsetzen, wenn der Reporter Quali statt Qualifikation sagt oder Schalte statt Schaltung, naja, bin wahrscheinlich altmodisch.<\/p>\n\n\n\n<p>Kindergottesdienst war am Sonntag immer, bevor die Erwachsenen dran waren, um ihr Seelenheil zu k\u00e4mpfen. Sp\u00e4ter war in diesem Saal unter der Woche auch der Konfirmandenunterricht.<\/p>\n\n\n\n<p>Heute hat die Thomaspfarrei eine eigene Kirche und auch der Kindergarten ist jetzt, denke ich, nicht mehr in diesem Haus. Wer da wohl jetzt wohnt? Die Tante und Schwester wohl nicht mehr, die waren ja damals schon alt, zumindest f\u00fcr mich, die w\u00e4ren ja heute fast \u2026? w\u00fcrde ich sagen.<\/p>\n\n\n\n<p>Nachdem ich in den letzten Wochen eine Vielzahl von Arztbesuchen erledigt habe, alle mit mir und auch ich mit mir selbst zufrieden bin, mu\u00df ich sagen, sich bewegen bringt nicht nur Segen, sondern auch Gesundheit, und so stimmt es doch, Turnen ist die beste Medidi.<\/p>\n\n\n\n<p>In mens sano, corpore sano \u2013 genau das hat mein Lateinlehrer vor Urzeiten gemeint: \u201eIhr m\u00fcsst ab und zu mit eurer humanistischen Bildung angeben, auch wenn ihr sonst keine Ahnung habt\u201c, das mach\u2019 ich jetzt mal.<\/p>\n\n\n\n<p>\u2013\u2013\u2013<\/p>\n\n\n\n<p>Heute mache ich einen langsamen Tag, habe den Deutschlandfunk mit der immer \u00e4hnlichen, manchmal subjektiven, erzieherischen Berichterstattung ausgeschaltet. Meinen Lieblingssender eingeschaltet, \u201edas Radio der von Neil Young Get\u00f6teten\u201c, bin auf neue Musik gesto\u00dfen, ein Lied habe ich mal f\u00fcr euch ausgew\u00e4hlt.<\/p>\n\n\n\n<figure class=\"wp-block-embed aligncenter is-type-video is-provider-youtube wp-block-embed-youtube wp-embed-aspect-16-9 wp-has-aspect-ratio\"><div class=\"wp-block-embed__wrapper\">\n<iframe title=\"Billy Bragg &amp; Joe Henry - Hobo&#039;s Lullaby (Official Video)\" width=\"500\" height=\"281\" src=\"https:\/\/www.youtube.com\/embed\/xxHQk9-zZWw?feature=oembed\" frameborder=\"0\" allow=\"accelerometer; autoplay; clipboard-write; encrypted-media; gyroscope; picture-in-picture; web-share\" referrerpolicy=\"strict-origin-when-cross-origin\" allowfullscreen><\/iframe>\n<\/div><\/figure>\n\n\n\n<figure class=\"wp-block-embed aligncenter is-type-video is-provider-youtube wp-block-embed-youtube wp-embed-aspect-16-9 wp-has-aspect-ratio\"><div class=\"wp-block-embed__wrapper\">\n<iframe title=\"Billy Bragg &amp; Joe Henry - Gentle On My Mind - (Official Video)\" width=\"500\" height=\"281\" src=\"https:\/\/www.youtube.com\/embed\/-mJnOX6fbvo?feature=oembed\" frameborder=\"0\" allow=\"accelerometer; autoplay; clipboard-write; encrypted-media; gyroscope; picture-in-picture; web-share\" referrerpolicy=\"strict-origin-when-cross-origin\" allowfullscreen><\/iframe>\n<\/div><\/figure>\n\n\n\n<p>Die Sonne scheint, der Himmel ist noch nicht ganz blau, ein verzaubertes Licht liegt \u00fcber dem See.<\/p>\n\n\n\n<p>Ja, einen langsamen Tag heute, einatmen, ausatmen, genau so!<\/p>\n\n\n\n<p>Ich w\u00fcnsche euch einen bed\u00e4chtigen Sonntag.<br>Pa\u00dft auf euch auf, streitet nicht (das machen schon die anderen)<br>und haltet zusammen.<\/p>\n\n\n\n<p>Lieben Gru\u00df vom See<br>Euer Eckhard\/Papa\/Opa<\/p>\n\n\n\n<p><\/p>\n\n\n\n<p>P. S. Eine Auswahl der Sonntagsgedanken als B\u00fcchlein bekommt ihr unter ISBN 978 376 9311 006 und ISBN 978 369 5178 643.<\/p>\n","protected":false},"excerpt":{"rendered":"<p>Meine Lieben, ihr kennt das bestimmt, da\u00df man einfach etwas falsch versteht, der ber\u00fchmte wei\u00dfe N \u2026 Wumbaba oder \u00c4hnliches. Was hatte ich mit der Mutti einen Disput! Neben all dem Spielen, Singen und Geschichtenh\u00f6ren haben wir auch geturnt, im Kindergarten, und ich habe das nat\u00fcrlich auch zuhause als 3-J\u00e4hriger Drei-K\u00e4se-Hoch erz\u00e4hlt. \u201eTurnen ist die beste Medidi!\u201c Alle \u00dcberzeugungsk\u00fcnste meiner Mutter, da\u00df das Medizin hei\u00dfe, haben nicht gefruchtet. \u201eDie Tante Luise und die Schwester Emilie&#8230;<\/p>\n<div class=\"more-link-wrapper\"><a class=\"more-link\" href=\"https:\/\/sonntagsgedanken.de\/blog\/2026\/04\/26\/medidi\/\">mehr<span class=\"screen-reader-text\">Medidi<\/span><\/a><\/div>\n","protected":false},"author":2,"featured_media":52737,"comment_status":"closed","ping_status":"open","sticky":false,"template":"","format":"standard","meta":{"_et_pb_use_builder":"off","_et_pb_old_content":"","_et_gb_content_width":"","spay_email":""},"categories":[1],"tags":[],"jetpack_featured_media_url":"https:\/\/i2.wp.com\/sonntagsgedanken.de\/blog\/wp-content\/uploads\/2026\/04\/IMG_0949-scaled.jpg?fit=2560%2C1920&ssl=1","_links":{"self":[{"href":"https:\/\/sonntagsgedanken.de\/blog\/wp-json\/wp\/v2\/posts\/52735"}],"collection":[{"href":"https:\/\/sonntagsgedanken.de\/blog\/wp-json\/wp\/v2\/posts"}],"about":[{"href":"https:\/\/sonntagsgedanken.de\/blog\/wp-json\/wp\/v2\/types\/post"}],"author":[{"embeddable":true,"href":"https:\/\/sonntagsgedanken.de\/blog\/wp-json\/wp\/v2\/users\/2"}],"replies":[{"embeddable":true,"href":"https:\/\/sonntagsgedanken.de\/blog\/wp-json\/wp\/v2\/comments?post=52735"}],"version-history":[{"count":2,"href":"https:\/\/sonntagsgedanken.de\/blog\/wp-json\/wp\/v2\/posts\/52735\/revisions"}],"predecessor-version":[{"id":52738,"href":"https:\/\/sonntagsgedanken.de\/blog\/wp-json\/wp\/v2\/posts\/52735\/revisions\/52738"}],"wp:featuredmedia":[{"embeddable":true,"href":"https:\/\/sonntagsgedanken.de\/blog\/wp-json\/wp\/v2\/media\/52737"}],"wp:attachment":[{"href":"https:\/\/sonntagsgedanken.de\/blog\/wp-json\/wp\/v2\/media?parent=52735"}],"wp:term":[{"taxonomy":"category","embeddable":true,"href":"https:\/\/sonntagsgedanken.de\/blog\/wp-json\/wp\/v2\/categories?post=52735"},{"taxonomy":"post_tag","embeddable":true,"href":"https:\/\/sonntagsgedanken.de\/blog\/wp-json\/wp\/v2\/tags?post=52735"}],"curies":[{"name":"wp","href":"https:\/\/api.w.org\/{rel}","templated":true}]}}