{"id":52703,"date":"2026-02-01T00:22:00","date_gmt":"2026-01-31T23:22:00","guid":{"rendered":"https:\/\/sonntagsgedanken.de\/blog\/?p=52703"},"modified":"2026-01-31T20:25:14","modified_gmt":"2026-01-31T19:25:14","slug":"geduld","status":"publish","type":"post","link":"https:\/\/sonntagsgedanken.de\/blog\/2026\/02\/01\/geduld\/","title":{"rendered":"Geduld"},"content":{"rendered":"\n<p>Meine Lieben,<\/p>\n\n\n\n<p>\u201eGut Ding will Weile haben\u201c, hei\u00dft ein deutsches Sprichwort. Die Redewendung ist \u00fcbrigens seit dem 17. Jahrhundert belegt, Grimmelshausen verwendete sie in seinem Werk \u201eSimplicissimus Teusch\u201c 1669, um zu betonen, da\u00df gute Dinge nicht ohne M\u00fche zu erwerben sind, man also Zeit und Geduld braucht. Man k\u00f6nnte auch sagen: \u201eRom ist auch nicht an einem Tag erbaut worden.\u201c<\/p>\n\n\n\n<p>Warum ich jetzt darauf komme? Also, ich mu\u00dfte erst 75 Jahre alt werden, um von einer handgetriebenen Zahnb\u00fcrste auf eine elektrische Zahnb\u00fcrste umzusteigen. Ich k\u00f6nnte jetzt nat\u00fcrlich behaupten, ich h\u00e4tte das aus Umweltbewusstsein gemacht, um nicht unn\u00f6tig Strom zu verschwenden, das stimmt nat\u00fcrlich nicht. Ich habe einfach nicht daran gedacht und au\u00dferdem fand ich dieses Ger\u00e4usch im Mund st\u00f6rend und auch das unangenehme Brummen, wenn man aus Versehen mit dem festen Teil an einen Zahn kommt.<\/p>\n\n\n\n<p>Also, warum jetzt doch?<\/p>\n\n\n\n<p>Na, weil mein Zahnarzt, der \u00fcbrigens mit meinem Mundesinneren sehr zufrieden war, es mir empfohlen hat.<\/p>\n\n\n\n<p>Ich bin also in ein einschl\u00e4giges Gesch\u00e4ft, habe die Verk\u00e4uferin alarmiert und mich ausf\u00fchrlich beraten lassen. Habe mich dann letztendlich auch f\u00fcr eine entschieden. Sie war recht teuer, aber ein Sonderangebot, deswegen war\u2019s dann doch relativ g\u00fcnstig. Nicht g\u00fcnstig wie die g\u00fcnstigen, aber g\u00fcnstiger als die anderen teuren, die nicht im Sonderangebot waren.<\/p>\n\n\n\n<p>Ich bin nach Hause und habe festgestellt, da\u00df das Ger\u00e4t meiner besseren H\u00e4lfte einen runden Borstenkopf hat und meine einen l\u00e4nglichen, sieht also, finde ich, eher aus wie eine Zahnb\u00fcrste, die man sonst mit der Hand betrieben hat.<\/p>\n\n\n\n<p>Zudem mu\u00df ich sagen, da\u00df meine im Gegensatz zu der bereits im Haushalt befindlichen nicht so einen H\u00f6llenl\u00e4rm macht. Das ist ein Lada und meine eher ein Mercedes!<\/p>\n\n\n\n<p>\u2013\u2013\u2013<\/p>\n\n\n\n<p>K\u00fcrzlich habe ich ein Buch aufgeschlagen, das ich von einem lieben Freund, ich glaube zum 50. Geburtstag bekommen habe. Mit ihm habe ich schon lange keinen Kontakt mehr, wenn ich auch oft an ihn denke, ich glaube auch, da\u00df er seit vielen Jahren sehr krank ist.<\/p>\n\n\n\n<p>Das Buch war verschollen in einem fr\u00fcheren Leben, jetzt ist es bei mir aufgetaucht. Wie eine Flaschenpost angeschwemmt nach vielen Jahren. Gerade noch rechtzeitig, \u201eDas Buch der Werte\u201c.<\/p>\n\n\n\n<p>Und jetzt habe ich auch die Mu\u00dfe, die Geduld und das Verst\u00e4ndnis, was mir vor 25 Jahren wahrscheinlich noch abging. Ich bl\u00e4ttere begeistert durch die Seiten, bleibe hier und dort h\u00e4ngen, lese, denke nach, gehe in mich.<\/p>\n\n\n\n<p>Ich glaube, es stimmt auch hier, da\u00df \u201eGut Ding Weile haben\u201c will. Und auch das mit der Weisheit kommt mir mal wieder in den Sinn, aber dar\u00fcber ein anderes Mal.<\/p>\n\n\n\n<p>Nat\u00fcrlich frage ich mich ab und an: Bin ich das, will ich das, wo stehe ich, warum bin ich, was soll ich noch tun, f\u00fcr mich, f\u00fcr dich, f\u00fcr die Meinen, f\u00fcr alle?<\/p>\n\n\n\n<p>Manchmal habe ich Angst, da\u00df die Zeit zu kurz wird und ich immer noch nicht die wesentlichen Fragen f\u00fcr mich beantwortet habe.<\/p>\n\n\n\n<p>Ich probier\u2019s eben, immer wieder, immer wieder und wieder.<\/p>\n\n\n\n<p>Auch wenn die Welt immer verr\u00fcckter wird, viele uns bestimmen, wir die Welt einfach nicht verstehen, sie wahrscheinlich sich selbst auch nicht, und so fragen wir uns manchmal, was das eigentlich alles soll.<\/p>\n\n\n\n<p>Tatsache ist, da\u00df ich in 15 Jahren, f\u00fcr die Zeit ist das ein Wimpernschlag, 90 Jahre alt werde (hoffe ich) und da\u00df meine elektrische Zahnb\u00fcrste leiser ist, (wei\u00df ich), eben ein Mercedes!<\/p>\n\n\n\n<figure class=\"wp-block-embed aligncenter is-type-video is-provider-youtube wp-block-embed-youtube wp-embed-aspect-16-9 wp-has-aspect-ratio\"><div class=\"wp-block-embed__wrapper\">\n<iframe title=\"Charles Aznavour - Emmenez-moi (Audio Officiel + Paroles)\" width=\"500\" height=\"281\" src=\"https:\/\/www.youtube.com\/embed\/0OrKMaeQUx0?feature=oembed\" frameborder=\"0\" allow=\"accelerometer; autoplay; clipboard-write; encrypted-media; gyroscope; picture-in-picture; web-share\" referrerpolicy=\"strict-origin-when-cross-origin\" allowfullscreen><\/iframe>\n<\/div><\/figure>\n\n\n\n<p>Ich w\u00fcnsche euch einen unersch\u00fctterlichen Sonntag.<br>Pa\u00dft auf euch auf, streitet nicht und haltet zusammen.<\/p>\n\n\n\n<p>Lieben Gru\u00df aus Balderschwang<br>Euer Eckhard\/Papa\/Opa<\/p>\n","protected":false},"excerpt":{"rendered":"<p>Meine Lieben, \u201eGut Ding will Weile haben\u201c, hei\u00dft ein deutsches Sprichwort. Die Redewendung ist \u00fcbrigens seit dem 17. Jahrhundert belegt, Grimmelshausen verwendete sie in seinem Werk \u201eSimplicissimus Teusch\u201c 1669, um zu betonen, da\u00df gute Dinge nicht ohne M\u00fche zu erwerben sind, man also Zeit und Geduld braucht. Man k\u00f6nnte auch sagen: \u201eRom ist auch nicht an einem Tag erbaut worden.\u201c Warum ich jetzt darauf komme? Also, ich mu\u00dfte erst 75 Jahre alt werden, um von&#8230;<\/p>\n<div class=\"more-link-wrapper\"><a class=\"more-link\" href=\"https:\/\/sonntagsgedanken.de\/blog\/2026\/02\/01\/geduld\/\">mehr<span class=\"screen-reader-text\">Geduld<\/span><\/a><\/div>\n","protected":false},"author":2,"featured_media":51802,"comment_status":"closed","ping_status":"open","sticky":false,"template":"","format":"standard","meta":{"_et_pb_use_builder":"off","_et_pb_old_content":"","_et_gb_content_width":"","spay_email":""},"categories":[1],"tags":[],"jetpack_featured_media_url":"https:\/\/i0.wp.com\/sonntagsgedanken.de\/blog\/wp-content\/uploads\/2020\/10\/eckhard-enno-schach.jpeg?fit=640%2C445&ssl=1","_links":{"self":[{"href":"https:\/\/sonntagsgedanken.de\/blog\/wp-json\/wp\/v2\/posts\/52703"}],"collection":[{"href":"https:\/\/sonntagsgedanken.de\/blog\/wp-json\/wp\/v2\/posts"}],"about":[{"href":"https:\/\/sonntagsgedanken.de\/blog\/wp-json\/wp\/v2\/types\/post"}],"author":[{"embeddable":true,"href":"https:\/\/sonntagsgedanken.de\/blog\/wp-json\/wp\/v2\/users\/2"}],"replies":[{"embeddable":true,"href":"https:\/\/sonntagsgedanken.de\/blog\/wp-json\/wp\/v2\/comments?post=52703"}],"version-history":[{"count":1,"href":"https:\/\/sonntagsgedanken.de\/blog\/wp-json\/wp\/v2\/posts\/52703\/revisions"}],"predecessor-version":[{"id":52704,"href":"https:\/\/sonntagsgedanken.de\/blog\/wp-json\/wp\/v2\/posts\/52703\/revisions\/52704"}],"wp:featuredmedia":[{"embeddable":true,"href":"https:\/\/sonntagsgedanken.de\/blog\/wp-json\/wp\/v2\/media\/51802"}],"wp:attachment":[{"href":"https:\/\/sonntagsgedanken.de\/blog\/wp-json\/wp\/v2\/media?parent=52703"}],"wp:term":[{"taxonomy":"category","embeddable":true,"href":"https:\/\/sonntagsgedanken.de\/blog\/wp-json\/wp\/v2\/categories?post=52703"},{"taxonomy":"post_tag","embeddable":true,"href":"https:\/\/sonntagsgedanken.de\/blog\/wp-json\/wp\/v2\/tags?post=52703"}],"curies":[{"name":"wp","href":"https:\/\/api.w.org\/{rel}","templated":true}]}}