{"id":52660,"date":"2025-10-26T00:45:00","date_gmt":"2025-10-25T22:45:00","guid":{"rendered":"https:\/\/sonntagsgedanken.de\/blog\/?p=52660"},"modified":"2025-10-25T20:10:18","modified_gmt":"2025-10-25T18:10:18","slug":"ohne-titel","status":"publish","type":"post","link":"https:\/\/sonntagsgedanken.de\/blog\/2025\/10\/26\/ohne-titel\/","title":{"rendered":"Gef\u00fchle"},"content":{"rendered":"\n<p>Meine Lieben,<\/p>\n\n\n\n<p>manchmal ist man einfach traurig, warum, das bleibt im Dunkeln verborgen.<\/p>\n\n\n\n<p>Vielleicht ein zu sentimentales Lied geh\u00f6rt?<br>Auf der Bank in die Herbstsonne geblinzelt, den jetzt schon k\u00fchlen Wind gesp\u00fcrt?<br>Er versucht doch nur, dich zu streicheln.<\/p>\n\n\n\n<p>Endzeitstimmung, du vergi\u00dft, wo das Ende ist, wo der Anfang war, alles zeitlos!<\/p>\n\n\n\n<p>Man k\u00f6nnte weinen, in den Tr\u00e4nen ertrinken und pl\u00f6tzlich merkt man, da\u00df dieses ganze Gef\u00fchl, welches dich gerade ausf\u00fcllt, gar nicht so negativ ist, eher sentimental, irgendwie so ein bi\u00dfchen gl\u00fccklich sentimental. Ich lehne mich zur\u00fcck, der Wind ist ein kleines bi\u00dfchen w\u00e4rmer geworden.<\/p>\n\n\n\n<p>Tief durchatmen, sich strecken, \u00fcber den See schauen, den Wolken nachblicken.<br>Es ist Herbst, in jeder Beziehung ist alles, was uns jetzt umgibt, Abschied, man genie\u00dft es trotzdem, alles in bunten Farben. Man kann sich kaum vorstellen, da\u00df jetzt der Winter kommt, dann wieder der Fr\u00fchling mit neuem Leben.<\/p>\n\n\n\n<p>Aber er kommt!<\/p>\n\n\n\n<p>Bis jetzt noch, irgendwann bleibt er dann einfach weg, die Welt dreht sich und alles mit ihr im ewigen Kreislauf, mit dir und auch ohne dich. Bis dahin stolpert man durchs Leben auf irgendein Ziel zu, welches man oft nicht genau vor Augen hat, es \u00e4ndert sich auch immer wieder, kein was, wozu und weshalb, man stellt sich die drei kant\u2019schen Fragen und kann sie nicht beantworten.<\/p>\n\n\n\n<p>Du denkst an Brecht, an den \u201eGuten Menschen von Sezuan\u201c: \u201eWir stehen selbst entt\u00e4uscht und sehn betroffen \/ Den Vorhang zu und alle Fragen offen.\u201c Alle Menschen k\u00e4mpfen immer noch mit den ewig gleichen Gedanken und Gef\u00fchlen, meist hat das zu tun mit der Liebe, mit Anerkennung, Trauer oder unerf\u00fcllten Sehns\u00fcchten, so war das schon immer. Nichts hat sich wirklich ge\u00e4ndert, es ist nur die sogenannte technische Welt, die sich ge\u00e4ndert hat.<\/p>\n\n\n\n<p>Wir nicht!<\/p>\n\n\n\n<p>Vielleicht hilft es, seine kleine, ganz pers\u00f6nliche Welt in Ordnung zu halten, die Augen nochmals zu schlie\u00dfen, in die Herbstsonne zu blinzeln und auf den Fr\u00fchling zu warten.<br>Und ja, den Wind festzuhalten, bevor er die Tr\u00e4ume mitnimmt.<\/p>\n\n\n\n<p>Er kennt das Ziel.<br>Es gibt nur das eine!<\/p>\n\n\n\n<p>Seid gl\u00fccklich mit dem, was ist, rennt nicht sinnlos irgendetwas hinterher. Wenn man wartet, erf\u00fcllt sich das meiste von selbst, und grunds\u00e4tzlich k\u00f6nnen wir sowieso nichts daran \u00e4ndern. Wir sind eben nicht so wichtig, wie wir manchmal glauben.<\/p>\n\n\n\n<p>Ich w\u00fcnsche euch einen geruhsamen, zufriedenen Sonntag.<br>Pa\u00dft auf euch auf, streitet nicht und haltet zusammen.<\/p>\n\n\n\n<figure class=\"wp-block-embed aligncenter is-type-video is-provider-youtube wp-block-embed-youtube wp-embed-aspect-16-9 wp-has-aspect-ratio\"><div class=\"wp-block-embed__wrapper\">\n<iframe title=\"The Beatles FLYING | 2025 Balanced Remix Reveals Secret Held For 58 Years! (Please read description)\" width=\"500\" height=\"281\" src=\"https:\/\/www.youtube.com\/embed\/KW5KJOzu_Q0?feature=oembed\" frameborder=\"0\" allow=\"accelerometer; autoplay; clipboard-write; encrypted-media; gyroscope; picture-in-picture; web-share\" referrerpolicy=\"strict-origin-when-cross-origin\" allowfullscreen><\/iframe>\n<\/div><\/figure>\n\n\n\n<p>Lieben Gru\u00df aus Hofheim<br>Euer Eckhard\/Papa\/Opa<\/p>\n","protected":false},"excerpt":{"rendered":"<p>Meine Lieben, manchmal ist man einfach traurig, warum, das bleibt im Dunkeln verborgen. Vielleicht ein zu sentimentales Lied geh\u00f6rt?Auf der Bank in die Herbstsonne geblinzelt, den jetzt schon k\u00fchlen Wind gesp\u00fcrt?Er versucht doch nur, dich zu streicheln. Endzeitstimmung, du vergi\u00dft, wo das Ende ist, wo der Anfang war, alles zeitlos! Man k\u00f6nnte weinen, in den Tr\u00e4nen ertrinken und pl\u00f6tzlich merkt man, da\u00df dieses ganze Gef\u00fchl, welches dich gerade ausf\u00fcllt, gar nicht so negativ ist, eher&#8230;<\/p>\n<div class=\"more-link-wrapper\"><a class=\"more-link\" href=\"https:\/\/sonntagsgedanken.de\/blog\/2025\/10\/26\/ohne-titel\/\">mehr<span class=\"screen-reader-text\">Gef\u00fchle<\/span><\/a><\/div>\n","protected":false},"author":2,"featured_media":52662,"comment_status":"closed","ping_status":"open","sticky":false,"template":"","format":"standard","meta":{"_et_pb_use_builder":"off","_et_pb_old_content":"","_et_gb_content_width":"","spay_email":""},"categories":[1],"tags":[],"jetpack_featured_media_url":"https:\/\/i1.wp.com\/sonntagsgedanken.de\/blog\/wp-content\/uploads\/2025\/10\/2-2.jpg?fit=1570%2C2355&ssl=1","_links":{"self":[{"href":"https:\/\/sonntagsgedanken.de\/blog\/wp-json\/wp\/v2\/posts\/52660"}],"collection":[{"href":"https:\/\/sonntagsgedanken.de\/blog\/wp-json\/wp\/v2\/posts"}],"about":[{"href":"https:\/\/sonntagsgedanken.de\/blog\/wp-json\/wp\/v2\/types\/post"}],"author":[{"embeddable":true,"href":"https:\/\/sonntagsgedanken.de\/blog\/wp-json\/wp\/v2\/users\/2"}],"replies":[{"embeddable":true,"href":"https:\/\/sonntagsgedanken.de\/blog\/wp-json\/wp\/v2\/comments?post=52660"}],"version-history":[{"count":2,"href":"https:\/\/sonntagsgedanken.de\/blog\/wp-json\/wp\/v2\/posts\/52660\/revisions"}],"predecessor-version":[{"id":52664,"href":"https:\/\/sonntagsgedanken.de\/blog\/wp-json\/wp\/v2\/posts\/52660\/revisions\/52664"}],"wp:featuredmedia":[{"embeddable":true,"href":"https:\/\/sonntagsgedanken.de\/blog\/wp-json\/wp\/v2\/media\/52662"}],"wp:attachment":[{"href":"https:\/\/sonntagsgedanken.de\/blog\/wp-json\/wp\/v2\/media?parent=52660"}],"wp:term":[{"taxonomy":"category","embeddable":true,"href":"https:\/\/sonntagsgedanken.de\/blog\/wp-json\/wp\/v2\/categories?post=52660"},{"taxonomy":"post_tag","embeddable":true,"href":"https:\/\/sonntagsgedanken.de\/blog\/wp-json\/wp\/v2\/tags?post=52660"}],"curies":[{"name":"wp","href":"https:\/\/api.w.org\/{rel}","templated":true}]}}