{"id":52649,"date":"2025-09-27T22:14:13","date_gmt":"2025-09-27T20:14:13","guid":{"rendered":"https:\/\/sonntagsgedanken.de\/blog\/?p=52649"},"modified":"2025-09-27T22:14:14","modified_gmt":"2025-09-27T20:14:14","slug":"freundschaft-im-september","status":"publish","type":"post","link":"https:\/\/sonntagsgedanken.de\/blog\/2025\/09\/27\/freundschaft-im-september\/","title":{"rendered":"Freundschaft im September"},"content":{"rendered":"\n<p>Meine Lieben,<\/p>\n\n\n\n<p>September, einer der sch\u00f6nsten Monate des Jahres! In der fr\u00fchen Morgensonne schwanken die Spinnf\u00e4den des Altweibersommers, gl\u00e4nzen wie tausend B\u00e4nder, die dich halten wollen, zu schnell zerrei\u00dfen sie, nichts l\u00e4\u00dft sich aufhalten, schon gar nicht die Zeit, die es vielleicht nicht gibt, nur den Augenblick und der verweht mit dem Wind.<\/p>\n\n\n\n<p>Nicht kalt, nicht warm, frisch und wohlig, warmes Licht, diesige Luft, M\u00e4rchenwelt. Feen und Elben tanzen zwischen Gr\u00e4sern, Gnomen blinzeln neugierig hinter den knorrigen B\u00e4umen hervor.<br>Neugierig, aber achselzuckend schauen sie dem fliegenden Teppich nach, der unsere Tr\u00e4ume entf\u00fchrt, und alle wissen, da\u00df er nie mit ihnen zur\u00fcckkehren wird und sich Wesentliches nicht \u00e4ndert, nur die Liebe bleibt, wenn sie gro\u00df genug war, die Zeit zu \u00fcberdauern.<\/p>\n\n\n\n<p>Das Gl\u00fcck kommt und bleibt nur, solange wir uns nicht bewegen.<\/p>\n\n\n\n<p>Vieles ist in diesem Jahr passiert, naja, eigentlich wie in jedem Jahr. Wichtiges?<\/p>\n\n\n\n<p>Wei\u00df ich nicht, betrachtet es man aus der Retrospektive, dann relativiert sich doch vieles. Von unserer Welt bleibt nicht viel \u00fcbrig, nur was sp\u00e4ter in unseren privaten Fotoalben eingefangen ist oder in den Geschichtsb\u00fcchern steht (und da kommen die meisten von uns wirklich nicht vor!).<\/p>\n\n\n\n<p>Also, alles halb so wild!<\/p>\n\n\n\n<p>Aber gute, ja sehr gute Nachrichten hatte dieser September f\u00fcr mich!<br>Was?<\/p>\n\n\n\n<p>Ein sehr, sehr alter Freund, ich meine das nicht vom Lebensalter, sondern von der Zeit her, hat eine gute Nachricht, eine sehr gute Nachricht von einer Beh\u00f6rde bekommen und das freut mich genauso wie ihn. Ich k\u00f6nnte ihm auf die Schulter klopfen! So gl\u00fccklich bin ich!<\/p>\n\n\n\n<p>Sch\u00f6n, wenn so etwas noch passiert. Es gibt verr\u00fcckte Freundschaften wie die unsere, irgendwie mit Abstand, aber doch auch viel emotionaler N\u00e4he, die keiner immer zeigen kann, aber sie ist da, ganz bestimmt.<\/p>\n\n\n\n<p>Freundschaft sei eine freiwillige Beziehung, hei\u00dft es, und Punkte, die Menschen in die Lage versetzen, Freunde zu werden, sollen sein: Sprache\/Dialekt, Geografie, Interessen und Hobbys, Bildungserfahrung, Musikgeschmack und Humor, moralische, politische oder spirituelle Ansichten.<\/p>\n\n\n\n<p>Tja, stimmt bei uns beiden, vielleicht nicht in allen Bereichen, aber doch in den meisten, und eine gemeinsame Jugend, mit allem, was da so auf einen einprasselt, das macht nat\u00fcrlich auch unglaublich viel aus.<\/p>\n\n\n\n<p>Ich bin gl\u00fccklich, da\u00df es ist, wie es ist.<\/p>\n\n\n\n<figure class=\"wp-block-embed aligncenter is-type-video is-provider-youtube wp-block-embed-youtube wp-embed-aspect-16-9 wp-has-aspect-ratio\"><div class=\"wp-block-embed__wrapper\">\n<iframe title=\"Finale Performance - &quot;With A Little Help From My Friends&quot; | 2015 Induction\" width=\"500\" height=\"281\" src=\"https:\/\/www.youtube.com\/embed\/xOuxVDgV6CY?feature=oembed\" frameborder=\"0\" allow=\"accelerometer; autoplay; clipboard-write; encrypted-media; gyroscope; picture-in-picture; web-share\" referrerpolicy=\"strict-origin-when-cross-origin\" allowfullscreen><\/iframe>\n<\/div><\/figure>\n\n\n\n<p>Ich w\u00fcnsche euch einen eintr\u00e4chtigen Sonntag,<br>pa\u00dft auf euch auf, streitet nicht und haltet zusammen.<\/p>\n\n\n\n<p>Lieben Gru\u00df vom See<br>Euer Eckhard\/Papa\/Opa<\/p>\n","protected":false},"excerpt":{"rendered":"<p>Meine Lieben, September, einer der sch\u00f6nsten Monate des Jahres! In der fr\u00fchen Morgensonne schwanken die Spinnf\u00e4den des Altweibersommers, gl\u00e4nzen wie tausend B\u00e4nder, die dich halten wollen, zu schnell zerrei\u00dfen sie, nichts l\u00e4\u00dft sich aufhalten, schon gar nicht die Zeit, die es vielleicht nicht gibt, nur den Augenblick und der verweht mit dem Wind. Nicht kalt, nicht warm, frisch und wohlig, warmes Licht, diesige Luft, M\u00e4rchenwelt. Feen und Elben tanzen zwischen Gr\u00e4sern, Gnomen blinzeln neugierig hinter&#8230;<\/p>\n<div class=\"more-link-wrapper\"><a class=\"more-link\" href=\"https:\/\/sonntagsgedanken.de\/blog\/2025\/09\/27\/freundschaft-im-september\/\">mehr<span class=\"screen-reader-text\">Freundschaft im September<\/span><\/a><\/div>\n","protected":false},"author":2,"featured_media":52650,"comment_status":"closed","ping_status":"open","sticky":false,"template":"","format":"standard","meta":{"_et_pb_use_builder":"off","_et_pb_old_content":"","_et_gb_content_width":"","spay_email":""},"categories":[1],"tags":[],"jetpack_featured_media_url":"https:\/\/i0.wp.com\/sonntagsgedanken.de\/blog\/wp-content\/uploads\/2025\/09\/1-2-scaled.jpg?fit=2560%2C1920&ssl=1","_links":{"self":[{"href":"https:\/\/sonntagsgedanken.de\/blog\/wp-json\/wp\/v2\/posts\/52649"}],"collection":[{"href":"https:\/\/sonntagsgedanken.de\/blog\/wp-json\/wp\/v2\/posts"}],"about":[{"href":"https:\/\/sonntagsgedanken.de\/blog\/wp-json\/wp\/v2\/types\/post"}],"author":[{"embeddable":true,"href":"https:\/\/sonntagsgedanken.de\/blog\/wp-json\/wp\/v2\/users\/2"}],"replies":[{"embeddable":true,"href":"https:\/\/sonntagsgedanken.de\/blog\/wp-json\/wp\/v2\/comments?post=52649"}],"version-history":[{"count":1,"href":"https:\/\/sonntagsgedanken.de\/blog\/wp-json\/wp\/v2\/posts\/52649\/revisions"}],"predecessor-version":[{"id":52651,"href":"https:\/\/sonntagsgedanken.de\/blog\/wp-json\/wp\/v2\/posts\/52649\/revisions\/52651"}],"wp:featuredmedia":[{"embeddable":true,"href":"https:\/\/sonntagsgedanken.de\/blog\/wp-json\/wp\/v2\/media\/52650"}],"wp:attachment":[{"href":"https:\/\/sonntagsgedanken.de\/blog\/wp-json\/wp\/v2\/media?parent=52649"}],"wp:term":[{"taxonomy":"category","embeddable":true,"href":"https:\/\/sonntagsgedanken.de\/blog\/wp-json\/wp\/v2\/categories?post=52649"},{"taxonomy":"post_tag","embeddable":true,"href":"https:\/\/sonntagsgedanken.de\/blog\/wp-json\/wp\/v2\/tags?post=52649"}],"curies":[{"name":"wp","href":"https:\/\/api.w.org\/{rel}","templated":true}]}}