{"id":52646,"date":"2025-09-21T00:21:00","date_gmt":"2025-09-20T22:21:00","guid":{"rendered":"https:\/\/sonntagsgedanken.de\/blog\/?p=52646"},"modified":"2025-09-20T20:24:19","modified_gmt":"2025-09-20T18:24:19","slug":"naechtliche-gedanken","status":"publish","type":"post","link":"https:\/\/sonntagsgedanken.de\/blog\/2025\/09\/21\/naechtliche-gedanken\/","title":{"rendered":"N\u00e4chtliche Gedanken"},"content":{"rendered":"\n<p>Meine Lieben,<\/p>\n\n\n\n<p>ihr kennt das bestimmt, des nachts, wenn man eine Zeitlang wach liegt, sich von einer Seite auf die andere w\u00e4lzt, aufsteht, ein Glas Milch trinkt, wieder zur\u00fcck unter die Decke kriecht, immer noch nicht wieder einschlafen kann, dummerweise ein Spiel auf dem Handy beginnt, ganz schlecht, dann funktioniert es noch weniger. Die verr\u00fccktesten Gedanken kreisen dann meist im Kopf und die Probleme, die manchmal keine wirklichen sind, werden immer gr\u00f6\u00dfer. Man k\u00f6nnte das Sprichwort \u201enachts sind alle Katzen grau\u201c umm\u00fcnzen und sagen \u201enachts sind alle Probleme riesig\u201c.<\/p>\n\n\n\n<p>Aber manches wird auch angesto\u00dfen durch diese n\u00e4chtlichen Gedanken, die sich dann am Tage weiterentwickeln. Wenn ich so auf mein Leben schaue und auf die Zukunft, die ja unweigerlich kommt, weil Zukunft kommt immer, wird Gegenwart, dann Vergangenheit, und nur da steht sie still, wie der Herr Schiller uns in den Spr\u00fcchen des Konfuzius lehrt. (W\u00e4re mein Lese-Tip.)<\/p>\n\n\n\n<p>Bei diesem Durcheinander in der Welt, ich wei\u00df nicht, ob das immer schon so war, kann einem schon angst und bange werden und manchmal denke ich wie meine Mutter, die sagte: \u201eGott sei Dank bin ich schon so alt, da\u00df ich das alles nicht mehr erleben mu\u00df.\u201c Und um ganz ehrlich zu sein, dieses \u201eaber wir m\u00fcssen doch auch an unsere Enkelkinder denken\u201c, da bin ich nicht so, ich denke, die m\u00fcssen sich da selbst darum k\u00fcmmern, oder?<\/p>\n\n\n\n<p>Unsere sogenannten westlichen Werte gehen langsam den Bach runter, man kommt sich vor wie auf dem Schulhof, eine Gruppe terrorisiert die anderen, die Schulordnung sagt, da\u00df keine rechtliche Handhabe vorgesehen ist, h\u00f6chstens eine Ermahnung. Wenn man Pech hat und nicht reagiert, wird die Gruppe immer gr\u00f6\u00dfer, denn keiner will sich ja rumschubsen lassen.<\/p>\n\n\n\n<p>Wenn ich das auf die Europ\u00e4ische Union umlege, da sind ein oder zwei Staaten, die mit den anderen \u201eherm\u00e4nnles\u201c machen, die aber sagen, da k\u00f6nnen wir leider nichts machen, unsere Gesetzgebung gibt das nicht her, unsere Vertr\u00e4ge sind eben so. Im Schulhof w\u00fcrde man den Bully vielleicht doch rechtzeitig rausdr\u00e4ngen und wenn er dann durch seine Eltern klagt, w\u00fcrde man von einer Instanz in die n\u00e4chste gehen, bis er dann irgendwann nicht mehr schulpflichtig ist. So kann man Probleme auch erledigen, anscheinend hilft es inzwischen nicht mehr immer nur, der\/die \u201eGute\u201c zu sein, wenn die anderen da nicht mitmachen.<\/p>\n\n\n\n<p>Als ich fr\u00fcher in den USA war und mich jemand fragte, wo ich herkomme, habe ich immer gesagt: \u201eI\u2019m from Europe\u201c \u2013 und war stolz darauf!<\/p>\n\n\n\n<p>Wie ihr wi\u00dft, geh\u00f6re ich zu dieser Nachkriegsgeneration, der irgendwie der Nationalstolz abhanden kam und erst mit dem sogenannten Sommerm\u00e4rchen als zartes Pfl\u00e4nzchen wieder auferstanden ist. Ich will jetzt nicht dem Nationalismus das Wort reden, aber als Europ\u00e4er sollten wir zusammenstehen, endlich mal ein richtiges europ\u00e4isches Parlament w\u00e4hlen, das auch etwas zu sagen hat. Aus Europa einen f\u00f6deralistischen Staat machen, alle d\u00fcrfen ihre Eigenheiten behalten und einiges gilt eben f\u00fcr alle. Was w\u00e4re da so schlimm?<\/p>\n\n\n\n<p>Und die, die da nicht dabei sein wollen, denen mu\u00df man dann auch die Freiheit lassen, ihr eigens Ding zu machen, oder? Ja, um mein Schulhofbeispiel zu nehmen: Wenn\u2019s denen nicht pa\u00dft, k\u00f6nnten sie sich ja durch alle Instanzen klagen und wir alle wissen, wie lange das dauert.<\/p>\n\n\n\n<p>Mal andere Sonntagsgedanken, aber ihr m\u00fc\u00dft mir doch Recht geben, wenn man sieht, welches Leid \u00fcberall und allenthalben geschieht, da f\u00e4llt es mir schwer, mein Fr\u00fchst\u00fcck zu genie\u00dfen und gleichzeitig Nachrichten und Rechtfertigungen \u00fcber Vertreibungen und Bombardierungen zu h\u00f6ren, weil das ja kein Computerspiel ist, da sind richtige Menschen involviert, auf beiden Seiten!<\/p>\n\n\n\n<figure class=\"wp-block-embed aligncenter is-type-video is-provider-youtube wp-block-embed-youtube wp-embed-aspect-4-3 wp-has-aspect-ratio\"><div class=\"wp-block-embed__wrapper\">\n<iframe title=\"Hair - The Flesh Failures (Let the Sunshine In)\" width=\"500\" height=\"375\" src=\"https:\/\/www.youtube.com\/embed\/xWBEam2U-KQ?feature=oembed\" frameborder=\"0\" allow=\"accelerometer; autoplay; clipboard-write; encrypted-media; gyroscope; picture-in-picture; web-share\" referrerpolicy=\"strict-origin-when-cross-origin\" allowfullscreen><\/iframe>\n<\/div><\/figure>\n\n\n\n<p>Ich w\u00fcnsche euch einen guten Sonntag,<br>auf dem Weg nach PF zum Grab meiner Mutter und Bes\u00fcchle bei meinem Bruder,<br>pa\u00dft auf euch auf, streitet nicht und haltet zusammen.<\/p>\n\n\n\n<p>Euer Eckhard\/Papa\/Opa<\/p>\n","protected":false},"excerpt":{"rendered":"<p>Meine Lieben, ihr kennt das bestimmt, des nachts, wenn man eine Zeitlang wach liegt, sich von einer Seite auf die andere w\u00e4lzt, aufsteht, ein Glas Milch trinkt, wieder zur\u00fcck unter die Decke kriecht, immer noch nicht wieder einschlafen kann, dummerweise ein Spiel auf dem Handy beginnt, ganz schlecht, dann funktioniert es noch weniger. Die verr\u00fccktesten Gedanken kreisen dann meist im Kopf und die Probleme, die manchmal keine wirklichen sind, werden immer gr\u00f6\u00dfer. Man k\u00f6nnte das&#8230;<\/p>\n<div class=\"more-link-wrapper\"><a class=\"more-link\" href=\"https:\/\/sonntagsgedanken.de\/blog\/2025\/09\/21\/naechtliche-gedanken\/\">mehr<span class=\"screen-reader-text\">N\u00e4chtliche Gedanken<\/span><\/a><\/div>\n","protected":false},"author":2,"featured_media":52647,"comment_status":"closed","ping_status":"open","sticky":false,"template":"","format":"standard","meta":{"_et_pb_use_builder":"off","_et_pb_old_content":"","_et_gb_content_width":"","spay_email":""},"categories":[1],"tags":[],"jetpack_featured_media_url":"https:\/\/i1.wp.com\/sonntagsgedanken.de\/blog\/wp-content\/uploads\/2025\/09\/SG_Grille-scaled.jpg?fit=2560%2C1920&ssl=1","_links":{"self":[{"href":"https:\/\/sonntagsgedanken.de\/blog\/wp-json\/wp\/v2\/posts\/52646"}],"collection":[{"href":"https:\/\/sonntagsgedanken.de\/blog\/wp-json\/wp\/v2\/posts"}],"about":[{"href":"https:\/\/sonntagsgedanken.de\/blog\/wp-json\/wp\/v2\/types\/post"}],"author":[{"embeddable":true,"href":"https:\/\/sonntagsgedanken.de\/blog\/wp-json\/wp\/v2\/users\/2"}],"replies":[{"embeddable":true,"href":"https:\/\/sonntagsgedanken.de\/blog\/wp-json\/wp\/v2\/comments?post=52646"}],"version-history":[{"count":1,"href":"https:\/\/sonntagsgedanken.de\/blog\/wp-json\/wp\/v2\/posts\/52646\/revisions"}],"predecessor-version":[{"id":52648,"href":"https:\/\/sonntagsgedanken.de\/blog\/wp-json\/wp\/v2\/posts\/52646\/revisions\/52648"}],"wp:featuredmedia":[{"embeddable":true,"href":"https:\/\/sonntagsgedanken.de\/blog\/wp-json\/wp\/v2\/media\/52647"}],"wp:attachment":[{"href":"https:\/\/sonntagsgedanken.de\/blog\/wp-json\/wp\/v2\/media?parent=52646"}],"wp:term":[{"taxonomy":"category","embeddable":true,"href":"https:\/\/sonntagsgedanken.de\/blog\/wp-json\/wp\/v2\/categories?post=52646"},{"taxonomy":"post_tag","embeddable":true,"href":"https:\/\/sonntagsgedanken.de\/blog\/wp-json\/wp\/v2\/tags?post=52646"}],"curies":[{"name":"wp","href":"https:\/\/api.w.org\/{rel}","templated":true}]}}