{"id":52513,"date":"2024-10-27T00:07:00","date_gmt":"2024-10-26T22:07:00","guid":{"rendered":"https:\/\/sonntagsgedanken.de\/blog\/?p=52513"},"modified":"2024-10-27T13:14:41","modified_gmt":"2024-10-27T12:14:41","slug":"52513","status":"publish","type":"post","link":"https:\/\/sonntagsgedanken.de\/blog\/2024\/10\/27\/52513\/","title":{"rendered":"In den alten Zeiten\u2026"},"content":{"rendered":"\n<p>Meine Lieben,<br \/><\/p>\n\n\n\n<p>na, eine Stunde l\u00e4nger geschlafen?<br \/>Wieder Normalzeit, manche sagen auch Winterzeit, aber es ist die<br \/>mitteleurop\u00e4ische Normalzeit, die sich auf den 15. L\u00e4ngengrad Ost bezieht.<\/p>\n\n\n\n<p><br \/>Ab jetzt ist es wieder fr\u00fcher dunkel und morgens fr\u00fcher hell. Naja, wir<br \/>Menschen spielen gerne mit etwas; in diesem Fall eben mit der Zeit.<\/p>\n\n\n\n<p><br \/>Eingef\u00fchrt wurde das in Deutschland 1980, man wollte sparen, l\u00e4nger hell =<br \/>weniger Licht (Strom), auf der anderen Seite mu\u00df man daf\u00fcr in der<br \/>\u00dcbergangszeit M\u00e4rz\/April\/Oktober eine Stunde mehr heizen.<br \/>Also, wie immer, wenn wir zu sehr eingreifen, nichts gewonnen, nichts<br \/>verloren (unn\u00f6tig wie ein Kropf w\u00fcrde die Mutti sagen).<\/p>\n\n\n\n<p><br \/>Jetzt mu\u00df ich mich wieder zwingen beim Thema zu bleiben, der Zeit und<br \/>nicht jetzt zum Kropf abschweifen.<\/p>\n\n\n\n<p><br \/>Obwohl so ein bi\u00dfchen schweifen im Leben ist ja auch nicht schlecht.<br \/>Ist doch auch spannender, mal vom Weg abzuweichen, zahlt sich manchmal<br \/>aus.<br \/>Spontan abzuschweifen ist noch interessanter, denn da kann man seine<br \/>Flexibilit\u00e4t testen und gewinnt auf jeden Fall Erfahrung.<\/p>\n\n\n\n<p><br \/>Aber zur\u00fcck zur Zeit. Wenn ich ehrlich bin, habe ich eigentlich bestimmt<br \/>schon alles einmal geschrieben, was mir zur Zeit so einf\u00e4llt.<br \/>Sie vergeht eben, man kann sie nicht aufhalten, man sollte bewu\u00dft leben,<br \/>den Augenblick genie\u00dfen und und und und\u2026..<br \/>Aber das wissen wir ja alles und trotzdem tun wir es nicht.<br \/>Unsere Ratio sagt uns, da\u00df wir irgendwann nicht mehr sind, aber emotional<br \/>k\u00f6nnen wir das nicht nachvollziehen und so leben wir in der Illusion, da\u00df es<br \/>nie aufh\u00f6rt und alles bleibt mehr oder weniger wie es ist, zumindest, was uns<br \/>ganz pers\u00f6nlich angeht.<\/p>\n\n\n\n<p><br \/>Frommer Wunsch!<\/p>\n\n\n\n<p><br \/>Apropos w\u00fcnschen.<\/p>\n\n\n\n<p><br \/>Es gibt M\u00e4rchen, die beginnen mit dem wunderbaren Satz \u201eIn den alten<br \/>Zeiten, wo das W\u00fcnschen noch geholfen hat.\u201c<br \/>Vielleicht ist w\u00fcnschen auch besser als wollen.<br \/>Ich denke, wenn man ganz intensiv w\u00fcnscht, dann richtet sich unbewusst<br \/>unser ganzes Handeln auf dieses Wunschziel und wird dadurch<br \/>wahrscheinlich sogar eher erreicht.<\/p>\n\n\n\n<p><br \/>W\u00fcnsche lassen uns hoffen, W\u00fcnsche helfen uns neue Perspektiven<br \/>aufzutun. W\u00fcnsche geben uns Sicherheit.<\/p>\n\n\n\n<p><br \/>W\u00fcnschen ist ein \u201eSesam \u00f6ffne dich\u201c.<\/p>\n\n\n\n<p><br \/>Wir sprechen dieses Zauberwort, wir treten ein, wir entdecken die<br \/>verborgenen Sch\u00e4tze und finden vielf\u00e4ltige neue M\u00f6glichkeiten, Talente, die<br \/>nur geweckt werden m\u00fcssen, L\u00f6sungen f\u00fcr m\u00f6gliche Sorgen.<br \/>Wir sch\u00f6pfen Kraft aus uns selbst, die Kraft, die uns hilft, das richtige, ganz<br \/>individuelle Leben zu leben.<br \/>WIr erkennen, dass das, was uns an Unangenehmen im Leben widerf\u00e4hrt,<br \/>nur ein \u00e4u\u00dferliches Missgeschick ist und unserer Seele nichts anhaben kann!<\/p>\n\n\n\n<p><br \/>Jetzt bin ich doch ein wenig abgeschweift, aber die Gedanken haben sich<br \/>gelohnt.<br \/>Und Irgendwie hat das mit dem W\u00fcnschen und dem Leben eben doch mit der<br \/>Zeit zu tun, richtig?<br \/><a href=\"https:\/\/youtu.be\/N6mdWrGCJro?feature=shared\">https:\/\/youtu.be\/N6mdWrGCJro?feature=shared<\/a><\/p>\n\n\n\n<p><br \/>Ich w\u00fcnsche euch einen wunschlos gl\u00fccklichen Sonntag.<\/p>\n\n\n\n<p><br \/>Pa\u00dft auf euch und die anderen auf, streitet nicht, haltet zusammen.<\/p>\n\n\n\n<p><br \/>Lieben Gru\u00df vom See<br \/>Euer Eckhard\/Papa\/Opa<\/p>\n","protected":false},"excerpt":{"rendered":"<p>Meine Lieben, na, eine Stunde l\u00e4nger geschlafen?Wieder Normalzeit, manche sagen auch Winterzeit, aber es ist diemitteleurop\u00e4ische Normalzeit, die sich auf den 15. L\u00e4ngengrad Ost bezieht. Ab jetzt ist es wieder fr\u00fcher dunkel und morgens fr\u00fcher hell. Naja, wirMenschen spielen gerne mit etwas; in diesem Fall eben mit der Zeit. Eingef\u00fchrt wurde das in Deutschland 1980, man wollte sparen, l\u00e4nger hell =weniger Licht (Strom), auf der anderen Seite mu\u00df man daf\u00fcr in der\u00dcbergangszeit M\u00e4rz\/April\/Oktober eine Stunde&#8230;<\/p>\n<div class=\"more-link-wrapper\"><a class=\"more-link\" href=\"https:\/\/sonntagsgedanken.de\/blog\/2024\/10\/27\/52513\/\">mehr<span class=\"screen-reader-text\">In den alten Zeiten\u2026<\/span><\/a><\/div>\n","protected":false},"author":2,"featured_media":51944,"comment_status":"closed","ping_status":"open","sticky":false,"template":"","format":"standard","meta":{"_et_pb_use_builder":"","_et_pb_old_content":"","_et_gb_content_width":"","spay_email":""},"categories":[1],"tags":[],"jetpack_featured_media_url":"https:\/\/i2.wp.com\/sonntagsgedanken.de\/blog\/wp-content\/uploads\/2021\/07\/fenster.png?fit=2706%2C1534&ssl=1","_links":{"self":[{"href":"https:\/\/sonntagsgedanken.de\/blog\/wp-json\/wp\/v2\/posts\/52513"}],"collection":[{"href":"https:\/\/sonntagsgedanken.de\/blog\/wp-json\/wp\/v2\/posts"}],"about":[{"href":"https:\/\/sonntagsgedanken.de\/blog\/wp-json\/wp\/v2\/types\/post"}],"author":[{"embeddable":true,"href":"https:\/\/sonntagsgedanken.de\/blog\/wp-json\/wp\/v2\/users\/2"}],"replies":[{"embeddable":true,"href":"https:\/\/sonntagsgedanken.de\/blog\/wp-json\/wp\/v2\/comments?post=52513"}],"version-history":[{"count":2,"href":"https:\/\/sonntagsgedanken.de\/blog\/wp-json\/wp\/v2\/posts\/52513\/revisions"}],"predecessor-version":[{"id":52515,"href":"https:\/\/sonntagsgedanken.de\/blog\/wp-json\/wp\/v2\/posts\/52513\/revisions\/52515"}],"wp:featuredmedia":[{"embeddable":true,"href":"https:\/\/sonntagsgedanken.de\/blog\/wp-json\/wp\/v2\/media\/51944"}],"wp:attachment":[{"href":"https:\/\/sonntagsgedanken.de\/blog\/wp-json\/wp\/v2\/media?parent=52513"}],"wp:term":[{"taxonomy":"category","embeddable":true,"href":"https:\/\/sonntagsgedanken.de\/blog\/wp-json\/wp\/v2\/categories?post=52513"},{"taxonomy":"post_tag","embeddable":true,"href":"https:\/\/sonntagsgedanken.de\/blog\/wp-json\/wp\/v2\/tags?post=52513"}],"curies":[{"name":"wp","href":"https:\/\/api.w.org\/{rel}","templated":true}]}}