{"id":52426,"date":"2024-03-31T00:06:00","date_gmt":"2024-03-30T23:06:00","guid":{"rendered":"https:\/\/sonntagsgedanken.de\/blog\/?p=52426"},"modified":"2024-03-31T10:55:05","modified_gmt":"2024-03-31T08:55:05","slug":"frohe-ostern","status":"publish","type":"post","link":"https:\/\/sonntagsgedanken.de\/blog\/2024\/03\/31\/frohe-ostern\/","title":{"rendered":"Frohe Ostern"},"content":{"rendered":"\n<p>Vom Eise befreit\u2026<br>So fing bei uns zu Hause immer der Ostersonntag an. Mein Vater als eingefleischer Goethe-Fan hat das vor dem K\u00f6pfen des Fr\u00fchst\u00fcckseies und vor unserem Suchabenteuer zitiert.<br>Erst viel sp\u00e4ter stellt man fest, wie vieles aus der Kindheit und Jugend sich dann doch festgesetzt hat und Teil unseres Lebens ist.<br>Schlechtes wie Gutes.<\/p>\n\n\n\n<p>\u00dcber Schlechtes oder besser gesagt Problematisches reden wir jetzt nicht.<br>Auf das Gute blicken wir mit Stolz, glauben, es w\u00e4re durch unser eigenes Zutun entstanden. Sp\u00e4ter, viel sp\u00e4ter stellt man fest, wann der Grundstein f\u00fcr vieles gelegt wurde und warum wir so sind, wie wir sind.<\/p>\n\n\n\n<p>Vom Eise befreit\u2026 gef\u00e4llt mir auch, und nicht nur das, sondern der gesamte Faust. (W\u00e4re eines meiner \u201aAuf-die-einsame-Insel-B\u00fccher\u2018).<\/p>\n\n\n\n<p>Ich lese ihn immer und immer wieder. Wenn man \u00e4lter wird, versteht man ihn besser und besser und findet Gefallen zum Beispiel an:<\/p>\n\n\n\n<p>Der Jugend, guter Freund, bedarfst du allenfalls,<br>Wenn dich in Schlachten Feinde dr\u00e4ngen,<br>Wenn mit Gewalt an deinen Hals<br>Sich allerliebste M\u00e4dchen h\u00e4ngen,<br>Wenn fern des schnellen Laufes Kranz<br>Vom schwer erreichten Ziele winket,<br>Wenn nach dem heft\u2019gen Wirbeltanz<br>Die N\u00e4chte schmausend man vertrinket.<br>Doch ins bekannte Saitenspiel<br>Mit Mut und Anmut einzugreifen,<br>Nach einem selbstgesteckten Ziel<br>Mit holdem Irren hinzuschweifen,<br>Das, alte Herrn, ist eure Pflicht,<br>Und wir verehren euch darum nicht minder.<br>Das Alter macht nicht kindisch, wie man spricht,<br>Es findet uns nur noch als wahre Kinder.<\/p>\n\n\n\n<p>Das h\u00f6rt man doch in meinem Alter gerne!<\/p>\n\n\n\n<p>Der Osten steckt angeblich auch in \u201eOstern&#8220;. Da man \u201efr\u00fch am Morgen\u201c das leere Grab entdeckte, ist die Morgenr\u00f6te das Symbol der Auferstehung.<br>Ich glaube eher, da\u00df Ostern von Ostera kommt, das war die germanische G\u00f6ttin der Fruchtbarkeit, des Fr\u00fchlings und der Morgenr\u00f6te.<\/p>\n\n\n\n<p>Naja, vielleicht stimmt ja beides, glaubt, was ihr wollt, denn das darf man ja sowieso, glauben was man will.<br>Und der Hase? Der war zu germanischen Zeiten der Fr\u00fchlingsbote eben dieser G\u00f6ttin, na also!<\/p>\n\n\n\n<p>\u00dcbrigens hei\u00dft es in manch anderen Sprachen nicht Ostern sondern zum Beispiel Pasqua, Paques, Pascua\u2026\u2026, dann geht das auf das j\u00fcdische Pessachfest zur\u00fcck.<br>Wird auch im Fr\u00fchling gefeiert, also irgendwie Morgenr\u00f6te, Fr\u00fchling, Auferstehung, das hat alles mit Neubeginn zu tun.<\/p>\n\n\n\n<p>Zu meiner Schulzeit hat \u00fcbrigens das Schuljahr auch zu Ostern begonnen, pa\u00dft doch irgendwie auch zu Neubeginn und Anfang.<\/p>\n\n\n\n<p>1966 wurde das dann in den Sommer verschoben und das Schuljahr beginnt soviel ich wei\u00df seit damals offiziell am 1. August, also meist mit Ferien.<br>So kann man sich gleich besser auf das Leben und die 35 Stunde Woche einstimmen.<\/p>\n\n\n\n<p>Tschuldigung, war jetzt sarkastisch und speziell an diesen Feiertagen vielleicht nicht angebracht.<\/p>\n\n\n\n<p>An diesen sucht man Ostereier, findet kleine Geschenke an allen m\u00f6glichen und unm\u00f6glichen Orten, freut sich \u00fcber Fr\u00fchlingsblumen im Garten, die Welt taucht in zartes Gr\u00fcn und viel Gelb und das macht doch etwas mit uns.<\/p>\n\n\n\n<p>Aufbruchstimmung, Altes hinter sich lassen, mit positiver Energie vorw\u00e4rts, Neues wagen!<br>Das Leben bleibt nicht stehen, es eilt mit uns davon und dauert wenn man auf die Menschheitsgeschichte blickt, nur einen Augenblick!<br>Also, dann auf, los geht&#8217;s!<\/p>\n\n\n\n<p>Ich w\u00fcnsche euch frohe Ostern,<br>haltet zusammen, streitet nicht und pa\u00dft auf euch auf.<br>Und da ich mich mal wieder nicht entscheiden konnte, gibt es an Ostern zwei Lieder, eines f\u00fcr den Ostersonntag und eines f\u00fcr den Ostermontag.<\/p>\n\n\n\n<p><a href=\"https:\/\/youtu.be\/l1C8NFDdFYg?feature=shared https:\/\/youtu.be\/2J7JM0tGgRY?feature=shared\">https:\/\/youtu.be\/l1C8NFDdFYg?feature=shared https:\/\/youtu.be\/2J7JM0tGgRY?feature=shared<\/a><\/p>\n\n\n\n<p>Lieben Gru\u00df Vom See<br>Euer Eckhard\/Papa\/Opa<\/p>\n","protected":false},"excerpt":{"rendered":"<p>Vom Eise befreit\u2026So fing bei uns zu Hause immer der Ostersonntag an. Mein Vater als eingefleischer Goethe-Fan hat das vor dem K\u00f6pfen des Fr\u00fchst\u00fcckseies und vor unserem Suchabenteuer zitiert.Erst viel sp\u00e4ter stellt man fest, wie vieles aus der Kindheit und Jugend sich dann doch festgesetzt hat und Teil unseres Lebens ist.Schlechtes wie Gutes. \u00dcber Schlechtes oder besser gesagt Problematisches reden wir jetzt nicht.Auf das Gute blicken wir mit Stolz, glauben, es w\u00e4re durch unser eigenes&#8230;<\/p>\n<div class=\"more-link-wrapper\"><a class=\"more-link\" href=\"https:\/\/sonntagsgedanken.de\/blog\/2024\/03\/31\/frohe-ostern\/\">mehr<span class=\"screen-reader-text\">Frohe Ostern<\/span><\/a><\/div>\n","protected":false},"author":2,"featured_media":52259,"comment_status":"closed","ping_status":"open","sticky":false,"template":"","format":"standard","meta":{"_et_pb_use_builder":"off","_et_pb_old_content":"","_et_gb_content_width":"","spay_email":""},"categories":[1],"tags":[],"jetpack_featured_media_url":"https:\/\/i2.wp.com\/sonntagsgedanken.de\/blog\/wp-content\/uploads\/2023\/04\/lichtung-scaled.jpg?fit=2560%2C1707&ssl=1","_links":{"self":[{"href":"https:\/\/sonntagsgedanken.de\/blog\/wp-json\/wp\/v2\/posts\/52426"}],"collection":[{"href":"https:\/\/sonntagsgedanken.de\/blog\/wp-json\/wp\/v2\/posts"}],"about":[{"href":"https:\/\/sonntagsgedanken.de\/blog\/wp-json\/wp\/v2\/types\/post"}],"author":[{"embeddable":true,"href":"https:\/\/sonntagsgedanken.de\/blog\/wp-json\/wp\/v2\/users\/2"}],"replies":[{"embeddable":true,"href":"https:\/\/sonntagsgedanken.de\/blog\/wp-json\/wp\/v2\/comments?post=52426"}],"version-history":[{"count":2,"href":"https:\/\/sonntagsgedanken.de\/blog\/wp-json\/wp\/v2\/posts\/52426\/revisions"}],"predecessor-version":[{"id":52430,"href":"https:\/\/sonntagsgedanken.de\/blog\/wp-json\/wp\/v2\/posts\/52426\/revisions\/52430"}],"wp:featuredmedia":[{"embeddable":true,"href":"https:\/\/sonntagsgedanken.de\/blog\/wp-json\/wp\/v2\/media\/52259"}],"wp:attachment":[{"href":"https:\/\/sonntagsgedanken.de\/blog\/wp-json\/wp\/v2\/media?parent=52426"}],"wp:term":[{"taxonomy":"category","embeddable":true,"href":"https:\/\/sonntagsgedanken.de\/blog\/wp-json\/wp\/v2\/categories?post=52426"},{"taxonomy":"post_tag","embeddable":true,"href":"https:\/\/sonntagsgedanken.de\/blog\/wp-json\/wp\/v2\/tags?post=52426"}],"curies":[{"name":"wp","href":"https:\/\/api.w.org\/{rel}","templated":true}]}}