{"id":47,"date":"2019-12-08T00:09:00","date_gmt":"2019-12-07T23:09:00","guid":{"rendered":"http:\/\/sonntagsgedanken.de\/blog\/?p=47"},"modified":"2020-01-29T22:07:23","modified_gmt":"2020-01-29T21:07:23","slug":"08-dezember-2019","status":"publish","type":"post","link":"https:\/\/sonntagsgedanken.de\/blog\/2019\/12\/08\/08-dezember-2019\/","title":{"rendered":"08. DEZEMBER 2019"},"content":{"rendered":"\n<p>Meine Lieben,<br>\n<br>\nVorgestern war Nikolaus! Alva hat mir erkl\u00e4rt, da\u00df es einen echten und unechte\nNikol\u00e4use gibt. Den Unterschied erkennt man daran, da\u00df der echte nicht verkleidet\nist. und sehr alt , sogar \u00e4lter wie ein Opa.\u201c<br>\nWir wissen ja von Alva, da\u00df man mit 5 Jahren Jahren fast alles wei\u00df, leider\nvergi\u00dft man das dann sp\u00e4ter wieder.<\/p>\n\n\n\n<p><br>\nAls ich ein Bub war, kam zu uns nat\u00fcrlich der echte Nikolaus, ein-zweimal war\nsogar Knecht Ruprecht dabei.<br>\nAm Nikolaustag oder besser gesagt am Abend des 6. Dezembers sa\u00dfen wir mit\nHutzelbrot und Pl\u00e4tzchen beim Sp\u00e4tnachmittagskaffee, Oma, Opa und Tante Elsa\nwaren da, meine Geschwister und unsere Eltern. Wir warteten nat\u00fcrlich nicht auf\nden Nikolaus, denn es war ja garnicht sicher ob er kommt. Meine Eltern hatten\nuns eben zum Adventskaffee eingeladen.&nbsp;<\/p>\n\n\n\n<p>Irgendwann h\u00f6rte dann meine Mutter etwas,\nsie hatte und hat sie immer noch, Ohren wie ein Luchs, sie legte den\nZeigefinger an den Mund \u201ePsst, h\u00f6rt ihr nichts\u201c.<br>\nJa doch, deutlich konnte man die schweren Schritte und lautes Schnaufen im\nTreppenhaus h\u00f6ren, vorsichtig, auf &nbsp;Zehenspitzen gingen wir zur T\u00fcr, und\nschauten hinunter. So wie schnell wie m\u00f6glich wieder zur\u00fcck ins Zimmer. Er\nkommt fl\u00fcsterten wir, mit leichtem Unbehagen und \u00e4ngstlich zittriger Stimme.<br>\nEs pochte laut an der T\u00fcr, mein Vater \u00f6ffnete, wir h\u00f6rten ihn den Nikolaus\nbegr\u00fc\u00dfen, den er dann ins Zimmer geleitete.&nbsp;<\/p>\n\n\n\n<p>Dem Nikolaus wurde ein Stuhl angeboten, er\natmete schwer, war er doch den ganzen, langen Weg aus dem Wald und dann noch 84\nTreppen zu uns hoch in die Wohnung gekommen.<\/p>\n\n\n\n<p>&nbsp;Als er wieder bei Atem war schaute\ner in die Runde und holte dann, nach einer wohlwollenden Begr\u00fc\u00dfung, ein\ngoldenes Buch hervor.&nbsp;<\/p>\n\n\n\n<p>Jetzt ging&#8217;s los!&nbsp;<\/p>\n\n\n\n<p>Mein kleiner Bruder, mu\u00dfte ein paar Tr\u00e4nen\nverdr\u00fccken und genierte sich ein Gedicht aufzusagen, mein \u00e4lterer Bruder bekam\nf\u00fcr seine Missetaten, die der Nikolaus aus dem goldenen Buch vorlas einen\nWackerstein, f\u00fcr ein paar Minuten um den Hals geh\u00e4ngt.&nbsp;<\/p>\n\n\n\n<p>Mir rutsche das Herz in die Hose, nachdem\nauch mir der Nikolaus die Leviten gelesen hatte, trug ich mit leicht zittriger\nStimme mein Gedicht vor.(steht \u00fcbrigens am Ende).<br>\nWir sangen noch gemeinsam ein Weihnachtslied, meinem Bruder wurde der Stein\nabgenommen, der Kleine sa\u00df immer noch bei meinem Vater auf dem Scho\u00df und der\nNikolaus begann Geschenke zu verteilen.<\/p>\n\n\n\n<p>Man bedankte sich artig und war irgendwie\nfroh, da\u00df alles gut ausgegangen war.<\/p>\n\n\n\n<p>Der Nikolaus erhob sich, verabschiedete\nsich mit den Worten, da\u00df er ja noch weitere Familien besuchen m\u00fcsse. Bevor er\nda\u00df Zimmer verlie\u00df leerte einen wei\u00dfen Sack ( sah fast aus wie ein\nKopfkissenbezug ) aus, \u00c4pfel, N\u00fcsse und Mandarinen kullerten auf den Boden\nherum.<\/p>\n\n\n\n<p>W\u00e4hrend wir alles aufsammelten verlie\u00df der\nNikolaus die Wohnung und &nbsp;alle konnten dann entspannt und gel\u00f6st ein paar\nWeihnachtsbr\u00f6tchen essen und nochmals debattieren woher der Nikolaus alles so\ngenau wu\u00dfte. Jeder hatte da andere Theorien.<\/p>\n\n\n\n<p>Vielleicht sollten wir Alva &nbsp;fragen,\ndie wei\u00df das bestimmt!<\/p>\n\n\n\n<p>Ich w\u00fcnsche euch einen sch\u00f6nen 2. Advent.<\/p>\n\n\n\n<p>lieben Gru\u00df vom See<\/p>\n\n\n\n<p>Papa\/Eckhard<\/p>\n\n\n\n<p><em>Es dunklet scho im Tannewald<br> und schneielet ganz lisli.<br> Was isch das f\u00fcr es Liechtli det<br> i s\u00e4bem chline H\u00fcsli? \u2013<br> Da isch de Samichlaus deheim<br> mit sine guete Sache!<br> Er h\u00e4t scho s L\u00e4mpli az\u00fcndt<br> und tuet grad s Kafi mache.<\/em><\/p>\n\n\n\n<p><em>Da p\u00f6pperlets am L\u00e4deli,<br> und s Gl\u00f6ggli gh\u00f6rt er l\u00fcte!<br> Jetz weiss er scho, wer dussen isch<br> und was das sell bed\u00fcte:<br> s Christchindli chunt na zabig spat,<br> es wirt en welle stupfe,<br> er m\u00fces de Sack bald f\u00fcreneh<br> und sini Finke lupfe!<\/em><\/p>\n","protected":false},"excerpt":{"rendered":"<p>Meine Lieben, Vorgestern war Nikolaus! Alva hat mir erkl\u00e4rt, da\u00df es einen echten und unechte Nikol\u00e4use gibt. Den Unterschied erkennt man daran, da\u00df der echte nicht verkleidet ist. und sehr alt , sogar \u00e4lter wie ein Opa.\u201c Wir wissen ja von Alva, da\u00df man mit 5 Jahren Jahren fast alles wei\u00df, leider vergi\u00dft man das dann sp\u00e4ter wieder. Als ich ein Bub war, kam zu uns nat\u00fcrlich der echte Nikolaus, ein-zweimal war sogar Knecht Ruprecht&#8230;<\/p>\n<div class=\"more-link-wrapper\"><a class=\"more-link\" href=\"https:\/\/sonntagsgedanken.de\/blog\/2019\/12\/08\/08-dezember-2019\/\">mehr<span class=\"screen-reader-text\">08. DEZEMBER 2019<\/span><\/a><\/div>\n","protected":false},"author":2,"featured_media":0,"comment_status":"open","ping_status":"open","sticky":false,"template":"","format":"standard","meta":{"_et_pb_use_builder":"","_et_pb_old_content":"","_et_gb_content_width":"","spay_email":""},"categories":[1],"tags":[],"jetpack_featured_media_url":"","_links":{"self":[{"href":"https:\/\/sonntagsgedanken.de\/blog\/wp-json\/wp\/v2\/posts\/47"}],"collection":[{"href":"https:\/\/sonntagsgedanken.de\/blog\/wp-json\/wp\/v2\/posts"}],"about":[{"href":"https:\/\/sonntagsgedanken.de\/blog\/wp-json\/wp\/v2\/types\/post"}],"author":[{"embeddable":true,"href":"https:\/\/sonntagsgedanken.de\/blog\/wp-json\/wp\/v2\/users\/2"}],"replies":[{"embeddable":true,"href":"https:\/\/sonntagsgedanken.de\/blog\/wp-json\/wp\/v2\/comments?post=47"}],"version-history":[{"count":1,"href":"https:\/\/sonntagsgedanken.de\/blog\/wp-json\/wp\/v2\/posts\/47\/revisions"}],"predecessor-version":[{"id":48,"href":"https:\/\/sonntagsgedanken.de\/blog\/wp-json\/wp\/v2\/posts\/47\/revisions\/48"}],"wp:attachment":[{"href":"https:\/\/sonntagsgedanken.de\/blog\/wp-json\/wp\/v2\/media?parent=47"}],"wp:term":[{"taxonomy":"category","embeddable":true,"href":"https:\/\/sonntagsgedanken.de\/blog\/wp-json\/wp\/v2\/categories?post=47"},{"taxonomy":"post_tag","embeddable":true,"href":"https:\/\/sonntagsgedanken.de\/blog\/wp-json\/wp\/v2\/tags?post=47"}],"curies":[{"name":"wp","href":"https:\/\/api.w.org\/{rel}","templated":true}]}}