{"id":45,"date":"2019-12-15T00:07:00","date_gmt":"2019-12-14T23:07:00","guid":{"rendered":"http:\/\/sonntagsgedanken.de\/blog\/?p=45"},"modified":"2020-01-29T22:07:23","modified_gmt":"2020-01-29T21:07:23","slug":"15-dezember-2019","status":"publish","type":"post","link":"https:\/\/sonntagsgedanken.de\/blog\/2019\/12\/15\/15-dezember-2019\/","title":{"rendered":"15. DEZEMBER 2019"},"content":{"rendered":"\n<p>Meine Lieben,<\/p>\n\n\n\n<p>Mein Blick schweift \u00fcber die D\u00e4cher der\nAltstadt, wei\u00dfer Rauch steigt aus den Kaminen, ich denke eher an Pabstwahl als\nan Umweltschutz. Es ist schon verr\u00fcckt wieviel Kamine qualmen wenn man mal\nbewu\u00dft schaut, aber irgendwie beunruhigt es mich erst wenn ich dar\u00fcber\nnachdenke, mein erster Gedanke ist eher etwas das mit Gem\u00fctlichkeit zu tun hat.<\/p>\n\n\n\n<p>Als ich gestern Vormittag mit dem Auto\nhochgefahren bin, h\u00f6rte ich &#8222;The Tremeloes&#8220;, ja, ich wei\u00df, das ist\noder war Mainstream, aber das ist mir egal, mir hat neben vielem auch immer\nsogenannter Mainstream gefallen.<\/p>\n\n\n\n<p>Da\u00df in den 60er Jahren viele Deutsche nach\nItalien gefahren sind war auch Mainstream und wir Jungen haben das abgelehnt\nnur weil die Alten dorthin gefahren sind. Als wir dann doch mal nach Italien\nfuhren hat uns es sehr gefallen und ich habe gedacht \u201e ach deswegen fahren die\nalle dahin\u201c es war einfach sch\u00f6n. So ist das mit dem Mainstream. Keine Ahnung\nwie Mainstream auf deutsch hei\u00dft, vielleicht gibt es das hier gar nicht.<\/p>\n\n\n\n<p>Nun, bei diesen Mainstream Tremeloes habe\nich \u201eSilence is Golden geh\u00f6rt\u201c und sofort tauchte ein Bild vor mir auf.<\/p>\n\n\n\n<p>Ein gr\u00f6\u00dferer Platz in Rotterdam. Auf einer\nB\u00fchne eine Band, farbige Musiker, ich denke das waren niederl\u00e4ndische Molukker,\neine Volksgruppe aus den ehemaligen Kolonien, sie haben ganz wunderbar Silence\nis Golden, gespielt<\/p>\n\n\n\n<p>Ich bin dort mit meiner Vater, nach einer\n3 t\u00e4gigen Schiffsreise auf dem Rhein von Germersheim nach Rotterdam, gewesen.\nIch war von vielen Kleinigkeiten unglaublich beeindruckt, dem Schwimmbad auf\nDeck, dem ausgiebigen Fr\u00fchst\u00fccksbuffett, am meisten begeisterte mich die klare\nFleischbr\u00fche, die es schon zum Fr\u00fchst\u00fcck gab.<\/p>\n\n\n\n<p>Wir besichtigten Rotterdam, ich fand die\nStadt super und bin dann ein paar Jahre sp\u00e4ter mit meiner Freundin dort\ngewesen. Ich gehe immer wieder gern zu Pl\u00e4tzen, die mich beeindruckt haben am\nliebsten mit jemanden um ihm das zu zeigen in der Hoffnung, da\u00df&nbsp;&nbsp;sie\noder er die gleiche Begeisterung empfindet.<\/p>\n\n\n\n<p>Wir haben dort unsere 1. Schildkr\u00f6te\ngekauft \u201e Rembrandt\u201c. Rembrandt wurde sp\u00e4ter leider von unserem Dackel\nmassakriert, aber meine Liebe zu Schildkr\u00f6ten habe ich mir bis heute erhalten\noder vielleicht gerade deswegen.<\/p>\n\n\n\n<p>Komische&nbsp;Sonntagsgedanken&nbsp;und\nalles wegen diesem &#8220; Silence is Golden&#8220;, dem wei\u00dfen Rauch, der den\nneuen Pabst ank\u00fcndigt und dem M\u00e4dchen in Holland, das&nbsp;&nbsp; mich beim\nBaden in der Brandung heimlich, verstohlen zur\u00fcck zum Strand blickend, bei der\nHand nahm. Ich war 13 oder 14, es war wunderbar. Unglaublich, unfassbar!<\/p>\n\n\n\n<p>Ich w\u00fcnsche euch einen wunderbaren 3.\nAdvent und verabschiede mich mit diesen&nbsp;Sonntagsgedanken&nbsp;bis zum 29.\nDezember<\/p>\n\n\n\n<p>lieben Gru\u00df aus Hofheim<\/p>\n\n\n\n<p>Papa\/Eckhard<\/p>\n","protected":false},"excerpt":{"rendered":"<p>Meine Lieben, Mein Blick schweift \u00fcber die D\u00e4cher der Altstadt, wei\u00dfer Rauch steigt aus den Kaminen, ich denke eher an Pabstwahl als an Umweltschutz. Es ist schon verr\u00fcckt wieviel Kamine qualmen wenn man mal bewu\u00dft schaut, aber irgendwie beunruhigt es mich erst wenn ich dar\u00fcber nachdenke, mein erster Gedanke ist eher etwas das mit Gem\u00fctlichkeit zu tun hat. Als ich gestern Vormittag mit dem Auto hochgefahren bin, h\u00f6rte ich &#8222;The Tremeloes&#8220;, ja, ich wei\u00df, das&#8230;<\/p>\n<div class=\"more-link-wrapper\"><a class=\"more-link\" href=\"https:\/\/sonntagsgedanken.de\/blog\/2019\/12\/15\/15-dezember-2019\/\">mehr<span class=\"screen-reader-text\">15. DEZEMBER 2019<\/span><\/a><\/div>\n","protected":false},"author":2,"featured_media":0,"comment_status":"open","ping_status":"open","sticky":false,"template":"","format":"standard","meta":{"_et_pb_use_builder":"","_et_pb_old_content":"","_et_gb_content_width":"","spay_email":""},"categories":[1],"tags":[],"jetpack_featured_media_url":"","_links":{"self":[{"href":"https:\/\/sonntagsgedanken.de\/blog\/wp-json\/wp\/v2\/posts\/45"}],"collection":[{"href":"https:\/\/sonntagsgedanken.de\/blog\/wp-json\/wp\/v2\/posts"}],"about":[{"href":"https:\/\/sonntagsgedanken.de\/blog\/wp-json\/wp\/v2\/types\/post"}],"author":[{"embeddable":true,"href":"https:\/\/sonntagsgedanken.de\/blog\/wp-json\/wp\/v2\/users\/2"}],"replies":[{"embeddable":true,"href":"https:\/\/sonntagsgedanken.de\/blog\/wp-json\/wp\/v2\/comments?post=45"}],"version-history":[{"count":1,"href":"https:\/\/sonntagsgedanken.de\/blog\/wp-json\/wp\/v2\/posts\/45\/revisions"}],"predecessor-version":[{"id":46,"href":"https:\/\/sonntagsgedanken.de\/blog\/wp-json\/wp\/v2\/posts\/45\/revisions\/46"}],"wp:attachment":[{"href":"https:\/\/sonntagsgedanken.de\/blog\/wp-json\/wp\/v2\/media?parent=45"}],"wp:term":[{"taxonomy":"category","embeddable":true,"href":"https:\/\/sonntagsgedanken.de\/blog\/wp-json\/wp\/v2\/categories?post=45"},{"taxonomy":"post_tag","embeddable":true,"href":"https:\/\/sonntagsgedanken.de\/blog\/wp-json\/wp\/v2\/tags?post=45"}],"curies":[{"name":"wp","href":"https:\/\/api.w.org\/{rel}","templated":true}]}}