{"id":166,"date":"2019-07-14T22:17:00","date_gmt":"2019-07-14T20:17:00","guid":{"rendered":"http:\/\/sonntagsgedanken.de\/blog\/?p=166"},"modified":"2020-01-27T22:18:44","modified_gmt":"2020-01-27T21:18:44","slug":"14-juli-2019","status":"publish","type":"post","link":"https:\/\/sonntagsgedanken.de\/blog\/2019\/07\/14\/14-juli-2019\/","title":{"rendered":"14. Juli 2019"},"content":{"rendered":"\n<p> <\/p>\n\n\n\n<p>Meine Lieben,<\/p>\n\n\n\n<p>Heute bin ich sp\u00e4t dran und etwas Wesentliches ist mir auch nicht\neingefallen, bzw. der Niedergang meines Laptops hat mich ganz aus dem Konzept\ngebracht.<\/p>\n\n\n\n<p>In der Regel beginne ich meine Sonntagsgedanken, so irgendwann in\nder Wochenmitte, bzw. wenn mir irgendetwas in den Sinn kommt, \u00fcberarbeite das\ndann und lass es am Sonntag in die Welt fliegen.<\/p>\n\n\n\n<p>Ich kann mich erinnern, dass ich einmal in den Sonntagsgedanken\nempfohlen habe doch mal ab und zu nach oben zu schauen, in den Himmel, wo die\nWolken ziehen, weil man dort findet was man schon immer gesucht hat.<\/p>\n\n\n\n<p>Ich denke, dass da f\u00fcr jeden seine Tr\u00e4ume h\u00e4ngen, leuchten, dass man\nsie auch sieht und wiederfindet, im Tag f\u00fcr Tag vergisst man das manchmal.<\/p>\n\n\n\n<p>Ich w\u00fcnsche euch einen wunderbaren Sonntag, der alles bringt was\nihr euch w\u00fcnscht.<\/p>\n\n\n\n<p>Genie\u00dft ihn und denkt daran, man kann es nicht weiter bringen als\nzu sich selbst und das ist ein ordentliches St\u00fcck Weg.<\/p>\n\n\n\n<p>Lieben Gru\u00df vom See, der ruhig in der Sonne schaukelt<\/p>\n\n\n\n<p>Papa\/Eckhard&nbsp;<\/p>\n\n\n\n<p><\/p>\n","protected":false},"excerpt":{"rendered":"<p>Meine Lieben, Heute bin ich sp\u00e4t dran und etwas Wesentliches ist mir auch nicht eingefallen, bzw. der Niedergang meines Laptops hat mich ganz aus dem Konzept gebracht. In der Regel beginne ich meine Sonntagsgedanken, so irgendwann in der Wochenmitte, bzw. wenn mir irgendetwas in den Sinn kommt, \u00fcberarbeite das dann und lass es am Sonntag in die Welt fliegen. Ich kann mich erinnern, dass ich einmal in den Sonntagsgedanken empfohlen habe doch mal ab und&#8230;<\/p>\n<div class=\"more-link-wrapper\"><a class=\"more-link\" href=\"https:\/\/sonntagsgedanken.de\/blog\/2019\/07\/14\/14-juli-2019\/\">mehr<span class=\"screen-reader-text\">14. Juli 2019<\/span><\/a><\/div>\n","protected":false},"author":2,"featured_media":0,"comment_status":"open","ping_status":"open","sticky":false,"template":"","format":"standard","meta":{"_et_pb_use_builder":"","_et_pb_old_content":"","_et_gb_content_width":"","spay_email":""},"categories":[1],"tags":[],"jetpack_featured_media_url":"","_links":{"self":[{"href":"https:\/\/sonntagsgedanken.de\/blog\/wp-json\/wp\/v2\/posts\/166"}],"collection":[{"href":"https:\/\/sonntagsgedanken.de\/blog\/wp-json\/wp\/v2\/posts"}],"about":[{"href":"https:\/\/sonntagsgedanken.de\/blog\/wp-json\/wp\/v2\/types\/post"}],"author":[{"embeddable":true,"href":"https:\/\/sonntagsgedanken.de\/blog\/wp-json\/wp\/v2\/users\/2"}],"replies":[{"embeddable":true,"href":"https:\/\/sonntagsgedanken.de\/blog\/wp-json\/wp\/v2\/comments?post=166"}],"version-history":[{"count":1,"href":"https:\/\/sonntagsgedanken.de\/blog\/wp-json\/wp\/v2\/posts\/166\/revisions"}],"predecessor-version":[{"id":167,"href":"https:\/\/sonntagsgedanken.de\/blog\/wp-json\/wp\/v2\/posts\/166\/revisions\/167"}],"wp:attachment":[{"href":"https:\/\/sonntagsgedanken.de\/blog\/wp-json\/wp\/v2\/media?parent=166"}],"wp:term":[{"taxonomy":"category","embeddable":true,"href":"https:\/\/sonntagsgedanken.de\/blog\/wp-json\/wp\/v2\/categories?post=166"},{"taxonomy":"post_tag","embeddable":true,"href":"https:\/\/sonntagsgedanken.de\/blog\/wp-json\/wp\/v2\/tags?post=166"}],"curies":[{"name":"wp","href":"https:\/\/api.w.org\/{rel}","templated":true}]}}