{"id":162,"date":"2019-07-28T22:08:00","date_gmt":"2019-07-28T20:08:00","guid":{"rendered":"http:\/\/sonntagsgedanken.de\/blog\/?p=162"},"modified":"2020-01-27T22:09:54","modified_gmt":"2020-01-27T21:09:54","slug":"28-juli-2019","status":"publish","type":"post","link":"https:\/\/sonntagsgedanken.de\/blog\/2019\/07\/28\/28-juli-2019\/","title":{"rendered":"28. Juli 2019"},"content":{"rendered":"\n<p>Meine Lieben,<\/p>\n\n\n\n<p>Es ist hei\u00df, ich warte auf ein sanftes L\u00fcftchen, ein bi\u00dfchen Wind von irgendwo, der meine Haut und und vielleicht auch Seele streichelt. Ich habe gerade eine Geschichte zu Ende gelesen. Kennt ihr das, man liest ein Buch, es fesselt einen, man legt es ab und zu beiseite, weil man Angst hat, da\u00df es schon bald zu Ende ist<\/p>\n\n\n\n<p>Gut, jetzt ist es zu Ende, ich sitze auf der Terrasse, schaue auf\nden See, die Pappeln neigen sich nach links, verbeugen sich gen Osten, denn\njetzt kommt der leichte Wind und er kommt meist aus Westen.&nbsp;<\/p>\n\n\n\n<p>Es ist ruhig, die jungen V\u00f6gel, Gartenrotschw\u00e4nze sind\nausgeflogen, vorgestern wurden sie noch von ihren Eltern gef\u00fcttert, seit\ngestern sind sie weg, ausgeflogen. Fliegen ihren eigenen Weg. Das Nest ist leer,\nn\u00e4chstes Jahr kommen sie zur\u00fcck, wie jedes Jahr und wir k\u00f6nnen f\u00fcr einige Zeit\ndie Terrasse nicht nutzen, weil die Alten die Jungen sonst nicht f\u00fcttern.<\/p>\n\n\n\n<p>Auf dem Tisch hinter mehr hat meine Enkelin eine Sanduhr\naufgestellt, ich liebe Sanduhren, hab einige. Eine&nbsp;&nbsp;kleine, aus Glas,\neine alte, von einem Markt in Italien, zumindest sieht sie alt aus, so etwa 10\ncm hoch mit braunem Holz, eine Schiffssanduhr , golden und schlank, eine\nh\u00e4ngende, die man umdreht, sie rinnt etwa 20 Minuten, und eine gro\u00dfe, schwarzes\nHolz begrenzt die Glaszylinder. .<\/p>\n\n\n\n<p>Meine Enkelin dreht immer alle Sanduhren um wenn sie zu Besuch ist,\ndie gro\u00dfe schwarze hat sie jetzt auf den Esstisch gestellt, gleich neben die\nZuckerdose, Salz und Pfeffer und den \u201ecoolen\u201c Eierk\u00f6pfer ( man setzt einen\nHalbzylinder auf das Ei, zieht den dann an einer kleinen Stange, etwa 15cm nach\noben und l\u00e4\u00dft ihn dann auf das Ei fallen, man kann jetzt die obere H\u00e4lfte\nwunderbar abnehmen, zu 50 % klappt das auch, naja zu 30 % vielleicht.)<\/p>\n\n\n\n<p>30 Minuten braucht der Sand von oben nach unten und man kann\nwunderbar beim Fr\u00fchst\u00fcck zusehen, wie die Zeit&nbsp;&nbsp;davonl\u00e4uft.<\/p>\n\n\n\n<p>Wenn der ganze Sand dann im unteren Zylinder ist, bleibt immer\nnoch ein kleiner Rest am oberen Zylinder an der Innenseite des Glases kleben.<\/p>\n\n\n\n<p>Klopft man leicht mit dem Finger an das obere Glas, kann man auch\ndiese Zeit noch nutzen, nicht schlecht!<\/p>\n\n\n\n<p>Und bei meiner allt\u00e4glichen, morgendliche, Lekt\u00fcre von Fernand\nPessoa habe ich vor kurzem diesen Satz gefunden: &#8220; Ich bin eine\nunbestimmte Sehnsucht nicht nach der Vergangenheit, nicht nach der Zukunft.<\/p>\n\n\n\n<p>Ich bin eine Sehnsucht nach der Gegenwart, namenlos, unaufh\u00f6rlich,\nunverstanden.\u201c<\/p>\n\n\n\n<p>Pa\u00dft doch irgendwie zu meinen Sanduhrgedanken.<\/p>\n\n\n\n<p>Ich w\u00fcnsch euch einen wunderbaren Sonntag den ihr voll genie\u00dfen\nsollt ,wo immer ihr&nbsp;&nbsp;gerade seid, auch wenn der Sand weiter\nunaufh\u00f6rlich durch die Zylinder, bzw. einem durch die Finger rinnt.<\/p>\n\n\n\n<p>lieben Gru\u00df vom See.<\/p>\n\n\n\n<p>Papa\/Eckhard<\/p>\n","protected":false},"excerpt":{"rendered":"<p>Meine Lieben, Es ist hei\u00df, ich warte auf ein sanftes L\u00fcftchen, ein bi\u00dfchen Wind von irgendwo, der meine Haut und und vielleicht auch Seele streichelt. Ich habe gerade eine Geschichte zu Ende gelesen. Kennt ihr das, man liest ein Buch, es fesselt einen, man legt es ab und zu beiseite, weil man Angst hat, da\u00df es schon bald zu Ende ist Gut, jetzt ist es zu Ende, ich sitze auf der Terrasse, schaue auf den&#8230;<\/p>\n<div class=\"more-link-wrapper\"><a class=\"more-link\" href=\"https:\/\/sonntagsgedanken.de\/blog\/2019\/07\/28\/28-juli-2019\/\">mehr<span class=\"screen-reader-text\">28. Juli 2019<\/span><\/a><\/div>\n","protected":false},"author":2,"featured_media":0,"comment_status":"open","ping_status":"open","sticky":false,"template":"","format":"standard","meta":{"_et_pb_use_builder":"","_et_pb_old_content":"","_et_gb_content_width":"","spay_email":""},"categories":[1],"tags":[],"jetpack_featured_media_url":"","_links":{"self":[{"href":"https:\/\/sonntagsgedanken.de\/blog\/wp-json\/wp\/v2\/posts\/162"}],"collection":[{"href":"https:\/\/sonntagsgedanken.de\/blog\/wp-json\/wp\/v2\/posts"}],"about":[{"href":"https:\/\/sonntagsgedanken.de\/blog\/wp-json\/wp\/v2\/types\/post"}],"author":[{"embeddable":true,"href":"https:\/\/sonntagsgedanken.de\/blog\/wp-json\/wp\/v2\/users\/2"}],"replies":[{"embeddable":true,"href":"https:\/\/sonntagsgedanken.de\/blog\/wp-json\/wp\/v2\/comments?post=162"}],"version-history":[{"count":1,"href":"https:\/\/sonntagsgedanken.de\/blog\/wp-json\/wp\/v2\/posts\/162\/revisions"}],"predecessor-version":[{"id":163,"href":"https:\/\/sonntagsgedanken.de\/blog\/wp-json\/wp\/v2\/posts\/162\/revisions\/163"}],"wp:attachment":[{"href":"https:\/\/sonntagsgedanken.de\/blog\/wp-json\/wp\/v2\/media?parent=162"}],"wp:term":[{"taxonomy":"category","embeddable":true,"href":"https:\/\/sonntagsgedanken.de\/blog\/wp-json\/wp\/v2\/categories?post=162"},{"taxonomy":"post_tag","embeddable":true,"href":"https:\/\/sonntagsgedanken.de\/blog\/wp-json\/wp\/v2\/tags?post=162"}],"curies":[{"name":"wp","href":"https:\/\/api.w.org\/{rel}","templated":true}]}}