{"id":122,"date":"2019-08-25T07:41:31","date_gmt":"2019-08-25T05:41:31","guid":{"rendered":"http:\/\/sonntagsgedanken.de\/blog\/?p=122"},"modified":"2020-01-29T22:07:24","modified_gmt":"2020-01-29T21:07:24","slug":"25-august-2019","status":"publish","type":"post","link":"https:\/\/sonntagsgedanken.de\/blog\/2019\/08\/25\/25-august-2019\/","title":{"rendered":"25. AUGUST 2019"},"content":{"rendered":"<p>Meine Lieben,<\/p>\n<p>Eine wesentliche Quelle der Gedanken und Ideen f\u00fcr mich ist die Muse.<br \/>\nIch stelle mir das Gedankengebilde wie in eine gro\u00dfe H\u00f6hle vor, mit nur einem Ein-und Ausgang.<br \/>\nDr\u00e4ngt jetzt zu viel von au\u00dfen ins Innere, dann kann logischerweise nichts von innen nach drau\u00dfen.<br \/>\nDas Externe \u00fcbernimmt uns.<\/p>\n<p>Im Berufsleben ist das oft der Normalfall, ich glaube man nennt das ferngesteuert und manchmal tr\u00e4gt man auch selbst dazu bei.<br \/>\nBei mir war das in den letzten Tagen auch so, dieses Hereindr\u00e4ngen der Au\u00dfenwelt und nichts konnte, wie gewohnt ausfliegen.<br \/>\nSo gibt es heute keine\u00a0Sonntagsgedanken\u00a0oder zumindest keine ausf\u00fchrlichen aber wenn ich das recht \u00fcberlege \u00a0sind\u2019s doch irgendwie\u00a0Sonntagsgedanken!<\/p>\n<p>Ich w\u00fcnsche euch einen ruhigen, ausgeglichenen Tag, mit einem Gedicht von Eichendorff<br \/>\nLieben Gru\u00df<\/p>\n<p>Papa\/Eckhard<\/p>\n<p>&nbsp;<\/p>\n<p><strong>Sehnsucht<\/strong><\/p>\n<p>Es schienen so golden die Sterne,<\/p>\n<p>Am Fenster ich einsam stand<\/p>\n<p>Und h\u00f6rte aus weiter Ferne<\/p>\n<p>Ein Posthorn im stillen Land.<\/p>\n<p>Das Herz mir im Leib entbrennte,<\/p>\n<p>Da hab ich mir heimlich gedacht:<\/p>\n<p>Ach, wer da mitreisen k\u00f6nnte<\/p>\n<p>In der pr\u00e4chtigen Sommernacht!<\/p>\n<p>&nbsp;<\/p>\n<p>Zwei junge Gesellen gingen<\/p>\n<p>Vor\u00fcber am Bergeshang,<\/p>\n<p>Ich h\u00f6rte im Wandern sie singen<\/p>\n<p>Die stille Gegend entlang:<\/p>\n<p>Von schwindelnden Felsenschl\u00fcften,<\/p>\n<p>Wo die W\u00e4lder rauschen so sacht,<\/p>\n<p>Von Quellen, die von den Kl\u00fcften<\/p>\n<p>Sich st\u00fcrzen in die Waldesnacht.<\/p>\n<p>&nbsp;<\/p>\n<p>Sie sangen von Marmorbildern,<\/p>\n<p>Von G\u00e4rten, die \u00fcberm Gestein<\/p>\n<p>In d\u00e4mmernden Lauben verwildern,<\/p>\n<p>Pal\u00e4sten im Mondenschein,<\/p>\n<p>Wo die M\u00e4dchen am Fenster lauschen,<\/p>\n<p>Wann der Lauten Klang erwacht<\/p>\n<p>Und die Brunnen verschlafen rauschen<\/p>\n<p>In der pr\u00e4chtigen Sommernacht.<\/p>\n<p>&#8211;<\/p>\n<p>Joseph Karl Benedikt Freiherr von Eichendorff<\/p>\n<p>(1788 &#8211; 1857), deutscher Dichter, Novellist und Dramatiker<\/p>\n","protected":false},"excerpt":{"rendered":"<p>Meine Lieben, Eine wesentliche Quelle der Gedanken und Ideen f\u00fcr mich ist die Muse. Ich stelle mir das Gedankengebilde wie in eine gro\u00dfe H\u00f6hle vor, mit nur einem Ein-und Ausgang. Dr\u00e4ngt jetzt zu viel von au\u00dfen ins Innere, dann kann logischerweise nichts von innen nach drau\u00dfen. Das Externe \u00fcbernimmt uns. Im Berufsleben ist das oft der Normalfall, ich glaube man nennt das ferngesteuert und manchmal tr\u00e4gt man auch selbst dazu bei. Bei mir war das&#8230;<\/p>\n<div class=\"more-link-wrapper\"><a class=\"more-link\" href=\"https:\/\/sonntagsgedanken.de\/blog\/2019\/08\/25\/25-august-2019\/\">mehr<span class=\"screen-reader-text\">25. AUGUST 2019<\/span><\/a><\/div>\n","protected":false},"author":2,"featured_media":0,"comment_status":"open","ping_status":"open","sticky":false,"template":"","format":"standard","meta":{"_et_pb_use_builder":"","_et_pb_old_content":"","_et_gb_content_width":"","spay_email":""},"categories":[1],"tags":[],"jetpack_featured_media_url":"","_links":{"self":[{"href":"https:\/\/sonntagsgedanken.de\/blog\/wp-json\/wp\/v2\/posts\/122"}],"collection":[{"href":"https:\/\/sonntagsgedanken.de\/blog\/wp-json\/wp\/v2\/posts"}],"about":[{"href":"https:\/\/sonntagsgedanken.de\/blog\/wp-json\/wp\/v2\/types\/post"}],"author":[{"embeddable":true,"href":"https:\/\/sonntagsgedanken.de\/blog\/wp-json\/wp\/v2\/users\/2"}],"replies":[{"embeddable":true,"href":"https:\/\/sonntagsgedanken.de\/blog\/wp-json\/wp\/v2\/comments?post=122"}],"version-history":[{"count":1,"href":"https:\/\/sonntagsgedanken.de\/blog\/wp-json\/wp\/v2\/posts\/122\/revisions"}],"predecessor-version":[{"id":123,"href":"https:\/\/sonntagsgedanken.de\/blog\/wp-json\/wp\/v2\/posts\/122\/revisions\/123"}],"wp:attachment":[{"href":"https:\/\/sonntagsgedanken.de\/blog\/wp-json\/wp\/v2\/media?parent=122"}],"wp:term":[{"taxonomy":"category","embeddable":true,"href":"https:\/\/sonntagsgedanken.de\/blog\/wp-json\/wp\/v2\/categories?post=122"},{"taxonomy":"post_tag","embeddable":true,"href":"https:\/\/sonntagsgedanken.de\/blog\/wp-json\/wp\/v2\/tags?post=122"}],"curies":[{"name":"wp","href":"https:\/\/api.w.org\/{rel}","templated":true}]}}